{"id":21225,"date":"2023-08-31T14:39:03","date_gmt":"2023-08-31T12:39:03","guid":{"rendered":"https:\/\/oxceed.com\/?p=21225"},"modified":"2025-08-29T11:17:38","modified_gmt":"2025-08-29T09:17:38","slug":"topp-tre-prio-pa-agendan-hos-landets-ekonomichefer","status":"publish","type":"post","link":"https:\/\/oxceed.com\/fi\/artiklar\/foretagsledning\/topp-tre-prio-pa-agendan-hos-landets-ekonomichefer\/","title":{"rendered":"H\u00f6gst upp p\u00e5 agendan hos svenska ekonomichefer? \u2013 Vi vet svaren"},"content":{"rendered":"\t\t<div data-elementor-type=\"wp-post\" data-elementor-id=\"21225\" class=\"elementor elementor-21225\" data-elementor-post-type=\"post\">\n\t\t\t\t\t\t<section class=\"elementor-section elementor-top-section elementor-element elementor-element-8c5bb9e elementor-section-boxed elementor-section-height-default elementor-section-height-default\" data-id=\"8c5bb9e\" data-element_type=\"section\" data-e-type=\"section\" data-settings=\"{&quot;jet_parallax_layout_list&quot;:[]}\">\n\t\t\t\t\t\t<div class=\"elementor-container elementor-column-gap-default\">\n\t\t\t\t\t<div class=\"elementor-column elementor-col-100 elementor-top-column elementor-element elementor-element-b818e84\" data-id=\"b818e84\" data-element_type=\"column\" data-e-type=\"column\">\n\t\t\t<div class=\"elementor-widget-wrap elementor-element-populated\">\n\t\t\t\t\t\t<div class=\"elementor-element elementor-element-025ffa6 elementor-widget elementor-widget-heading\" data-id=\"025ffa6\" data-element_type=\"widget\" data-e-type=\"widget\" data-widget_type=\"heading.default\">\n\t\t\t\t\t<h2 class=\"elementor-heading-title elementor-size-default\">Efter samtal med n\u00e4rmare 120 ekonomichefer i Sverige \u00e4r det i huvudsak tre utmaningar som visar sig ligga h\u00f6gst upp p\u00e5 deras agendor. H\u00e4r \u00e4r insikterna de delar med sig av och svaren p\u00e5 fr\u00e5gan \u201dVad ligger h\u00f6gst p\u00e5 din priolista just nu?\u201d.<\/h2>\t\t\t\t<\/div>\n\t\t\t\t\t<\/div>\n\t\t<\/div>\n\t\t\t\t\t<\/div>\n\t\t<\/section>\n\t\t\t\t<section class=\"elementor-section elementor-top-section elementor-element elementor-element-868da10 elementor-section-boxed elementor-section-height-default elementor-section-height-default\" data-id=\"868da10\" data-element_type=\"section\" data-e-type=\"section\" data-settings=\"{&quot;jet_parallax_layout_list&quot;:[{&quot;jet_parallax_layout_image&quot;:{&quot;url&quot;:&quot;&quot;,&quot;id&quot;:&quot;&quot;,&quot;size&quot;:&quot;&quot;},&quot;_id&quot;:&quot;1c22da4&quot;,&quot;jet_parallax_layout_image_tablet&quot;:{&quot;url&quot;:&quot;&quot;,&quot;id&quot;:&quot;&quot;,&quot;size&quot;:&quot;&quot;},&quot;jet_parallax_layout_image_mobile&quot;:{&quot;url&quot;:&quot;&quot;,&quot;id&quot;:&quot;&quot;,&quot;size&quot;:&quot;&quot;},&quot;jet_parallax_layout_speed&quot;:{&quot;unit&quot;:&quot;%&quot;,&quot;size&quot;:50,&quot;sizes&quot;:[]},&quot;jet_parallax_layout_type&quot;:&quot;scroll&quot;,&quot;jet_parallax_layout_direction&quot;:&quot;1&quot;,&quot;jet_parallax_layout_fx_direction&quot;:null,&quot;jet_parallax_layout_z_index&quot;:&quot;&quot;,&quot;jet_parallax_layout_bg_x&quot;:50,&quot;jet_parallax_layout_bg_x_tablet&quot;:&quot;&quot;,&quot;jet_parallax_layout_bg_x_mobile&quot;:&quot;&quot;,&quot;jet_parallax_layout_bg_y&quot;:50,&quot;jet_parallax_layout_bg_y_tablet&quot;:&quot;&quot;,&quot;jet_parallax_layout_bg_y_mobile&quot;:&quot;&quot;,&quot;jet_parallax_layout_bg_size&quot;:&quot;auto&quot;,&quot;jet_parallax_layout_bg_size_tablet&quot;:&quot;&quot;,&quot;jet_parallax_layout_bg_size_mobile&quot;:&quot;&quot;,&quot;jet_parallax_layout_animation_prop&quot;:&quot;transform&quot;,&quot;jet_parallax_layout_on&quot;:[&quot;desktop&quot;,&quot;tablet&quot;]}]}\">\n\t\t\t\t\t\t<div class=\"elementor-container elementor-column-gap-default\">\n\t\t\t\t\t<div class=\"elementor-column elementor-col-100 elementor-top-column elementor-element elementor-element-9895953\" data-id=\"9895953\" data-element_type=\"column\" data-e-type=\"column\">\n\t\t\t<div class=\"elementor-widget-wrap elementor-element-populated\">\n\t\t\t\t\t\t<div class=\"elementor-element elementor-element-95d4391 elementor-widget elementor-widget-text-editor\" data-id=\"95d4391\" data-element_type=\"widget\" data-e-type=\"widget\" data-widget_type=\"text-editor.default\">\n\t\t\t\t\t\t\t\t\t<p>\u2013 Vi ville l\u00e4gga \u00f6rat mot r\u00e4lsen och f\u00e5 reda p\u00e5 vad man planerar, t\u00e4nker p\u00e5, oroar sig f\u00f6r eller letar efter, s\u00e4ger Jonathan Bernel\u00f6v, COO p\u00e5 Oxceed.<\/p><p>Unders\u00f6kningen gick ut p\u00e5 att ringa ekonomichefer i Sverige och fr\u00e5ga dem vad som ligger allra h\u00f6gst upp p\u00e5 deras priolista. Tre omr\u00e5den utkristalliserade sig r\u00e4tt snart. De vanligaste svaren var relaterade till tidsbrist, kostnadseffektivitet och datakvalitet.<\/p><p>\u2013 Det blev tydligt att det finns ett behov av effektivisering av processer och arbetss\u00e4tt f\u00f6r att spara tid och resurser. Speciellt inom ekonomi och finans. M\u00e5nga jobbar fortfarande manuellt med datainmatning \u2013 och det tar tid, s\u00e4ger Jonathan Bernel\u00f6v.<\/p>\t\t\t\t\t\t\t\t<\/div>\n\t\t\t\t\t<\/div>\n\t\t<\/div>\n\t\t\t\t\t<\/div>\n\t\t<\/section>\n\t\t\t\t<section class=\"elementor-section elementor-top-section elementor-element elementor-element-eaa0841 elementor-section-stretched elementor-reverse-tablet elementor-reverse-mobile elementor-section-boxed elementor-section-height-default elementor-section-height-default\" data-id=\"eaa0841\" data-element_type=\"section\" data-e-type=\"section\" data-settings=\"{&quot;jet_parallax_layout_list&quot;:[],&quot;background_background&quot;:&quot;classic&quot;,&quot;stretch_section&quot;:&quot;section-stretched&quot;}\">\n\t\t\t\t\t\t<div class=\"elementor-container elementor-column-gap-default\">\n\t\t\t\t\t<div class=\"elementor-column elementor-col-50 elementor-top-column elementor-element elementor-element-4c2f9fd\" data-id=\"4c2f9fd\" data-element_type=\"column\" data-e-type=\"column\" data-settings=\"{&quot;background_background&quot;:&quot;classic&quot;}\">\n\t\t\t<div class=\"elementor-widget-wrap elementor-element-populated\">\n\t\t\t\t\t\t<div class=\"elementor-element elementor-element-e271448 elementor-widget elementor-widget-heading\" data-id=\"e271448\" data-element_type=\"widget\" data-e-type=\"widget\" data-widget_type=\"heading.default\">\n\t\t\t\t\t<h2 class=\"elementor-heading-title elementor-size-default\">Boka en demo och uppt\u00e4ck Oxceed fr\u00e5n insidan<\/h2>\t\t\t\t<\/div>\n\t\t\t\t<div class=\"elementor-element elementor-element-6bb9af8 elementor-widget elementor-widget-text-editor\" data-id=\"6bb9af8\" data-element_type=\"widget\" data-e-type=\"widget\" data-widget_type=\"text-editor.default\">\n\t\t\t\t\t\t\t\t\t<p>Se hur Oxceed kan hj\u00e4lpa dig att spara tid, minska risken f\u00f6r fel och ge dig v\u00e4rdefulla insikter om f\u00f6retagets ekonomi.<\/p>\t\t\t\t\t\t\t\t<\/div>\n\t\t\t\t<div class=\"elementor-element elementor-element-f2374af elementor-widget__width-auto elementor-mobile-align-justify elementor-widget elementor-widget-button\" data-id=\"f2374af\" data-element_type=\"widget\" data-e-type=\"widget\" data-widget_type=\"button.default\">\n\t\t\t\t\t\t\t\t\t\t<a class=\"elementor-button elementor-button-link elementor-size-lg\" href=\"\/demo\">\n\t\t\t\t\t\t<span class=\"elementor-button-content-wrapper\">\n\t\t\t\t\t\t<span class=\"elementor-button-icon\">\n\t\t\t\t<svg aria-hidden=\"true\" class=\"e-font-icon-svg e-fas-arrow-right\" viewBox=\"0 0 448 512\" xmlns=\"http:\/\/www.w3.org\/2000\/svg\"><path d=\"M190.5 66.9l22.2-22.2c9.4-9.4 24.6-9.4 33.9 0L441 239c9.4 9.4 9.4 24.6 0 33.9L246.6 467.3c-9.4 9.4-24.6 9.4-33.9 0l-22.2-22.2c-9.5-9.5-9.3-25 .4-34.3L311.4 296H24c-13.3 0-24-10.7-24-24v-32c0-13.3 10.7-24 24-24h287.4L190.9 101.2c-9.8-9.3-10-24.8-.4-34.3z\"><\/path><\/svg>\t\t\t<\/span>\n\t\t\t\t\t\t\t\t\t<span class=\"elementor-button-text\">Boka demo<\/span>\n\t\t\t\t\t<\/span>\n\t\t\t\t\t<\/a>\n\t\t\t\t\t\t\t\t<\/div>\n\t\t\t\t\t<\/div>\n\t\t<\/div>\n\t\t\t\t<div class=\"elementor-column elementor-col-50 elementor-top-column elementor-element elementor-element-6a8ee7e\" data-id=\"6a8ee7e\" data-element_type=\"column\" data-e-type=\"column\" data-settings=\"{&quot;background_background&quot;:&quot;classic&quot;}\">\n\t\t\t<div class=\"elementor-widget-wrap elementor-element-populated\">\n\t\t\t\t\t\t<div class=\"elementor-element elementor-element-0dc9432 elementor-widget-divider--view-line elementor-widget elementor-widget-divider\" data-id=\"0dc9432\" data-element_type=\"widget\" data-e-type=\"widget\" data-widget_type=\"divider.default\">\n\t\t\t\t\t\t\t<div class=\"elementor-divider\">\n\t\t\t<span class=\"elementor-divider-separator\">\n\t\t\t\t\t\t<\/span>\n\t\t<\/div>\n\t\t\t\t\t\t<\/div>\n\t\t\t\t\t<\/div>\n\t\t<\/div>\n\t\t\t\t\t<\/div>\n\t\t<\/section>\n\t\t\t\t<section class=\"elementor-section elementor-top-section elementor-element elementor-element-7a3ee38 elementor-section-boxed elementor-section-height-default elementor-section-height-default\" data-id=\"7a3ee38\" data-element_type=\"section\" data-e-type=\"section\" data-settings=\"{&quot;jet_parallax_layout_list&quot;:[{&quot;jet_parallax_layout_image&quot;:{&quot;url&quot;:&quot;&quot;,&quot;id&quot;:&quot;&quot;,&quot;size&quot;:&quot;&quot;},&quot;_id&quot;:&quot;1c22da4&quot;,&quot;jet_parallax_layout_image_tablet&quot;:{&quot;url&quot;:&quot;&quot;,&quot;id&quot;:&quot;&quot;,&quot;size&quot;:&quot;&quot;},&quot;jet_parallax_layout_image_mobile&quot;:{&quot;url&quot;:&quot;&quot;,&quot;id&quot;:&quot;&quot;,&quot;size&quot;:&quot;&quot;},&quot;jet_parallax_layout_speed&quot;:{&quot;unit&quot;:&quot;%&quot;,&quot;size&quot;:50,&quot;sizes&quot;:[]},&quot;jet_parallax_layout_type&quot;:&quot;scroll&quot;,&quot;jet_parallax_layout_direction&quot;:&quot;1&quot;,&quot;jet_parallax_layout_fx_direction&quot;:null,&quot;jet_parallax_layout_z_index&quot;:&quot;&quot;,&quot;jet_parallax_layout_bg_x&quot;:50,&quot;jet_parallax_layout_bg_x_tablet&quot;:&quot;&quot;,&quot;jet_parallax_layout_bg_x_mobile&quot;:&quot;&quot;,&quot;jet_parallax_layout_bg_y&quot;:50,&quot;jet_parallax_layout_bg_y_tablet&quot;:&quot;&quot;,&quot;jet_parallax_layout_bg_y_mobile&quot;:&quot;&quot;,&quot;jet_parallax_layout_bg_size&quot;:&quot;auto&quot;,&quot;jet_parallax_layout_bg_size_tablet&quot;:&quot;&quot;,&quot;jet_parallax_layout_bg_size_mobile&quot;:&quot;&quot;,&quot;jet_parallax_layout_animation_prop&quot;:&quot;transform&quot;,&quot;jet_parallax_layout_on&quot;:[&quot;desktop&quot;,&quot;tablet&quot;]}]}\">\n\t\t\t\t\t\t<div class=\"elementor-container elementor-column-gap-default\">\n\t\t\t\t\t<div class=\"elementor-column elementor-col-100 elementor-top-column elementor-element elementor-element-50450b5\" data-id=\"50450b5\" data-element_type=\"column\" data-e-type=\"column\">\n\t\t\t<div class=\"elementor-widget-wrap elementor-element-populated\">\n\t\t\t\t\t\t<div class=\"elementor-element elementor-element-6e55088 elementor-widget elementor-widget-heading\" data-id=\"6e55088\" data-element_type=\"widget\" data-e-type=\"widget\" data-widget_type=\"heading.default\">\n\t\t\t\t\t<h2 class=\"elementor-heading-title elementor-size-default\">Spara tid och minska risken f\u00f6r fel \u2013 den ultimata kombinationen<\/h2>\t\t\t\t<\/div>\n\t\t\t\t<div class=\"elementor-element elementor-element-1ce8064 elementor-widget elementor-widget-text-editor\" data-id=\"1ce8064\" data-element_type=\"widget\" data-e-type=\"widget\" data-widget_type=\"text-editor.default\">\n\t\t\t\t\t\t\t\t\t<p>M\u00e5nga vill automatisera tidskr\u00e4vande, manuella arbetsuppgifter och minska risken f\u00f6r felk\u00e4llor. N\u00e4r de intervjuade fick reflektera \u00f6ver sina prioriteringar visade det sig att riskminimering hamnade h\u00f6gst upp p\u00e5 agendan f\u00f6r m\u00e5nga. Jonathan Bernel\u00f6v vet sj\u00e4lv k\u00e4nslan:<\/p><p>\u2013 Som ekonomichef \u00e4r ju det en mardr\u00f6m om det blir fel n\u00e5gonstans. B\u00e5de g\u00e4llande inmatning eller i en manuell formel. Dels \u00e4r det sv\u00e5rt och tidskr\u00e4vande att fels\u00f6ka \u2013 dels \u00e4r du p\u00e5 helsp\u00e4nn f\u00f6r att det inte ska h\u00e4nda igen. Det senare tar mycket energi.<\/p><p>Att minimera risken f\u00f6r fel och samtidigt spara tid \u00e4r den gyllene kombon. S\u00e5 h\u00e4r f\u00f6rklarar en av de intervjuade ekonomicheferna det:<\/p><p>\u2013 Det jag n\u00e4stan alltid st\u00f6ter p\u00e5 generellt \u00e4r att den finansiella rapporteringen pr\u00e4glas av manuell hantering och riskmoment. Det \u00e4r otroligt mycket Excel och manuell hantering.<\/p>\t\t\t\t\t\t\t\t<\/div>\n\t\t\t\t\t<\/div>\n\t\t<\/div>\n\t\t\t\t\t<\/div>\n\t\t<\/section>\n\t\t\t\t<section class=\"elementor-section elementor-top-section elementor-element elementor-element-51345c2 elementor-section-boxed elementor-section-height-default elementor-section-height-default\" data-id=\"51345c2\" data-element_type=\"section\" data-e-type=\"section\" data-settings=\"{&quot;jet_parallax_layout_list&quot;:[{&quot;jet_parallax_layout_image&quot;:{&quot;url&quot;:&quot;&quot;,&quot;id&quot;:&quot;&quot;,&quot;size&quot;:&quot;&quot;},&quot;_id&quot;:&quot;1c22da4&quot;,&quot;jet_parallax_layout_image_tablet&quot;:{&quot;url&quot;:&quot;&quot;,&quot;id&quot;:&quot;&quot;,&quot;size&quot;:&quot;&quot;},&quot;jet_parallax_layout_image_mobile&quot;:{&quot;url&quot;:&quot;&quot;,&quot;id&quot;:&quot;&quot;,&quot;size&quot;:&quot;&quot;},&quot;jet_parallax_layout_speed&quot;:{&quot;unit&quot;:&quot;%&quot;,&quot;size&quot;:50,&quot;sizes&quot;:[]},&quot;jet_parallax_layout_type&quot;:&quot;scroll&quot;,&quot;jet_parallax_layout_direction&quot;:&quot;1&quot;,&quot;jet_parallax_layout_fx_direction&quot;:null,&quot;jet_parallax_layout_z_index&quot;:&quot;&quot;,&quot;jet_parallax_layout_bg_x&quot;:50,&quot;jet_parallax_layout_bg_x_tablet&quot;:&quot;&quot;,&quot;jet_parallax_layout_bg_x_mobile&quot;:&quot;&quot;,&quot;jet_parallax_layout_bg_y&quot;:50,&quot;jet_parallax_layout_bg_y_tablet&quot;:&quot;&quot;,&quot;jet_parallax_layout_bg_y_mobile&quot;:&quot;&quot;,&quot;jet_parallax_layout_bg_size&quot;:&quot;auto&quot;,&quot;jet_parallax_layout_bg_size_tablet&quot;:&quot;&quot;,&quot;jet_parallax_layout_bg_size_mobile&quot;:&quot;&quot;,&quot;jet_parallax_layout_animation_prop&quot;:&quot;transform&quot;,&quot;jet_parallax_layout_on&quot;:[&quot;desktop&quot;,&quot;tablet&quot;]}]}\">\n\t\t\t\t\t\t<div class=\"elementor-container elementor-column-gap-default\">\n\t\t\t\t\t<div class=\"elementor-column elementor-col-100 elementor-top-column elementor-element elementor-element-56fecb2\" data-id=\"56fecb2\" data-element_type=\"column\" data-e-type=\"column\">\n\t\t\t<div class=\"elementor-widget-wrap elementor-element-populated\">\n\t\t\t\t\t\t<div class=\"elementor-element elementor-element-47e1c28 elementor-widget elementor-widget-heading\" data-id=\"47e1c28\" data-element_type=\"widget\" data-e-type=\"widget\" data-widget_type=\"heading.default\">\n\t\t\t\t\t<h2 class=\"elementor-heading-title elementor-size-default\">Kostnadseffektivitet h\u00f6gt prioriterat<\/h2>\t\t\t\t<\/div>\n\t\t\t\t<div class=\"elementor-element elementor-element-794f0cd elementor-widget elementor-widget-text-editor\" data-id=\"794f0cd\" data-element_type=\"widget\" data-e-type=\"widget\" data-widget_type=\"text-editor.default\">\n\t\t\t\t\t\t\t\t\t<p>Det andra omr\u00e5det som framtr\u00e4der i intervjuerna var vikten av kostnadseffektivisering. Det handlar om att kunna analysera b\u00e5de leverant\u00f6rskostnader och kassafl\u00f6det \u2013 p\u00e5 djupet. En av de intervjuade beskrev det:<\/p><p>\u2013 Jag m\u00e5ste snabbt kunna f\u00e5 en \u00f6verblick \u00f6ver vilka kostnader vi kan bespara. Det \u00e4r min h\u00f6gsta prio just nu.<\/p><p>Jonathan Bernel\u00f6v bekr\u00e4ftar att m\u00e5nga ekonomichefer har f\u00e5tt i uppdrag att se \u00f6ver kostnadsstrukturen och detta \u00e4r en trend som han dessutom tror kommer forts\u00e4tta, liksom antalet prognoser d\u00e5 f\u00f6retag vill kunna planera fram\u00e5t utifr\u00e5n olika utfall:<\/p><p>\u2013 Det finns ett \u00f6kat krav p\u00e5 f\u00f6retag att kontinuerligt och l\u00f6pande hitta kostnadsbesparingar d\u00e4r det \u00e4r m\u00f6jligt. M\u00e5nga g\u00e5nger finns det m\u00f6jlighet att f\u00f6rhandla om priser eller villkor med leverant\u00f6rer.<\/p>\t\t\t\t\t\t\t\t<\/div>\n\t\t\t\t\t<\/div>\n\t\t<\/div>\n\t\t\t\t\t<\/div>\n\t\t<\/section>\n\t\t\t\t<section class=\"elementor-section elementor-top-section elementor-element elementor-element-cb95c67 elementor-section-stretched elementor-reverse-tablet elementor-reverse-mobile elementor-section-boxed elementor-section-height-default elementor-section-height-default\" data-id=\"cb95c67\" data-element_type=\"section\" data-e-type=\"section\" data-settings=\"{&quot;jet_parallax_layout_list&quot;:[],&quot;background_background&quot;:&quot;classic&quot;,&quot;stretch_section&quot;:&quot;section-stretched&quot;}\">\n\t\t\t\t\t\t<div class=\"elementor-container elementor-column-gap-default\">\n\t\t\t\t\t<div class=\"elementor-column elementor-col-50 elementor-top-column elementor-element elementor-element-cbbb603\" data-id=\"cbbb603\" data-element_type=\"column\" data-e-type=\"column\" data-settings=\"{&quot;background_background&quot;:&quot;classic&quot;}\">\n\t\t\t<div class=\"elementor-widget-wrap elementor-element-populated\">\n\t\t\t\t\t\t<div class=\"elementor-element elementor-element-b81b597 elementor-widget elementor-widget-heading\" data-id=\"b81b597\" data-element_type=\"widget\" data-e-type=\"widget\" data-widget_type=\"heading.default\">\n\t\t\t\t\t<h2 class=\"elementor-heading-title elementor-size-default\">Varf\u00f6r Oxceed? Lyssna p\u00e5 v\u00e5ra kunder.<\/h2>\t\t\t\t<\/div>\n\t\t\t\t<div class=\"elementor-element elementor-element-ccf8b77 elementor-widget elementor-widget-text-editor\" data-id=\"ccf8b77\" data-element_type=\"widget\" data-e-type=\"widget\" data-widget_type=\"text-editor.default\">\n\t\t\t\t\t\t\t\t\t<p>Oxceed anv\u00e4nds av \u00f6ver 15 000 f\u00f6retag och 200 redovisningsbyr\u00e5er i Sverige. L\u00e4s fler kundcase och ta del av deras omd\u00f6men.\u00a0<\/p>\t\t\t\t\t\t\t\t<\/div>\n\t\t\t\t<div class=\"elementor-element elementor-element-cbb7d97 elementor-widget__width-auto elementor-mobile-align-justify elementor-widget elementor-widget-button\" data-id=\"cbb7d97\" data-element_type=\"widget\" data-e-type=\"widget\" data-widget_type=\"button.default\">\n\t\t\t\t\t\t\t\t\t\t<a class=\"elementor-button elementor-button-link elementor-size-lg\" href=\"\/kundcase\">\n\t\t\t\t\t\t<span class=\"elementor-button-content-wrapper\">\n\t\t\t\t\t\t<span class=\"elementor-button-icon\">\n\t\t\t\t<svg aria-hidden=\"true\" class=\"e-font-icon-svg e-fas-arrow-right\" viewBox=\"0 0 448 512\" xmlns=\"http:\/\/www.w3.org\/2000\/svg\"><path d=\"M190.5 66.9l22.2-22.2c9.4-9.4 24.6-9.4 33.9 0L441 239c9.4 9.4 9.4 24.6 0 33.9L246.6 467.3c-9.4 9.4-24.6 9.4-33.9 0l-22.2-22.2c-9.5-9.5-9.3-25 .4-34.3L311.4 296H24c-13.3 0-24-10.7-24-24v-32c0-13.3 10.7-24 24-24h287.4L190.9 101.2c-9.8-9.3-10-24.8-.4-34.3z\"><\/path><\/svg>\t\t\t<\/span>\n\t\t\t\t\t\t\t\t\t<span class=\"elementor-button-text\">L\u00e4s fler kundcase<\/span>\n\t\t\t\t\t<\/span>\n\t\t\t\t\t<\/a>\n\t\t\t\t\t\t\t\t<\/div>\n\t\t\t\t\t<\/div>\n\t\t<\/div>\n\t\t\t\t<div class=\"elementor-column elementor-col-50 elementor-top-column elementor-element elementor-element-8be6c91\" data-id=\"8be6c91\" data-element_type=\"column\" data-e-type=\"column\" data-settings=\"{&quot;background_background&quot;:&quot;classic&quot;}\">\n\t\t\t<div class=\"elementor-widget-wrap elementor-element-populated\">\n\t\t\t\t\t\t<div class=\"elementor-element elementor-element-8b085b9 elementor-widget-divider--view-line elementor-widget elementor-widget-divider\" data-id=\"8b085b9\" data-element_type=\"widget\" data-e-type=\"widget\" data-widget_type=\"divider.default\">\n\t\t\t\t\t\t\t<div class=\"elementor-divider\">\n\t\t\t<span class=\"elementor-divider-separator\">\n\t\t\t\t\t\t<\/span>\n\t\t<\/div>\n\t\t\t\t\t\t<\/div>\n\t\t\t\t\t<\/div>\n\t\t<\/div>\n\t\t\t\t\t<\/div>\n\t\t<\/section>\n\t\t\t\t<section class=\"elementor-section elementor-top-section elementor-element elementor-element-d78951f elementor-section-boxed elementor-section-height-default elementor-section-height-default\" data-id=\"d78951f\" data-element_type=\"section\" data-e-type=\"section\" data-settings=\"{&quot;jet_parallax_layout_list&quot;:[{&quot;jet_parallax_layout_image&quot;:{&quot;url&quot;:&quot;&quot;,&quot;id&quot;:&quot;&quot;,&quot;size&quot;:&quot;&quot;},&quot;_id&quot;:&quot;1c22da4&quot;,&quot;jet_parallax_layout_image_tablet&quot;:{&quot;url&quot;:&quot;&quot;,&quot;id&quot;:&quot;&quot;,&quot;size&quot;:&quot;&quot;},&quot;jet_parallax_layout_image_mobile&quot;:{&quot;url&quot;:&quot;&quot;,&quot;id&quot;:&quot;&quot;,&quot;size&quot;:&quot;&quot;},&quot;jet_parallax_layout_speed&quot;:{&quot;unit&quot;:&quot;%&quot;,&quot;size&quot;:50,&quot;sizes&quot;:[]},&quot;jet_parallax_layout_type&quot;:&quot;scroll&quot;,&quot;jet_parallax_layout_direction&quot;:&quot;1&quot;,&quot;jet_parallax_layout_fx_direction&quot;:null,&quot;jet_parallax_layout_z_index&quot;:&quot;&quot;,&quot;jet_parallax_layout_bg_x&quot;:50,&quot;jet_parallax_layout_bg_x_tablet&quot;:&quot;&quot;,&quot;jet_parallax_layout_bg_x_mobile&quot;:&quot;&quot;,&quot;jet_parallax_layout_bg_y&quot;:50,&quot;jet_parallax_layout_bg_y_tablet&quot;:&quot;&quot;,&quot;jet_parallax_layout_bg_y_mobile&quot;:&quot;&quot;,&quot;jet_parallax_layout_bg_size&quot;:&quot;auto&quot;,&quot;jet_parallax_layout_bg_size_tablet&quot;:&quot;&quot;,&quot;jet_parallax_layout_bg_size_mobile&quot;:&quot;&quot;,&quot;jet_parallax_layout_animation_prop&quot;:&quot;transform&quot;,&quot;jet_parallax_layout_on&quot;:[&quot;desktop&quot;,&quot;tablet&quot;]}]}\">\n\t\t\t\t\t\t<div class=\"elementor-container elementor-column-gap-default\">\n\t\t\t\t\t<div class=\"elementor-column elementor-col-100 elementor-top-column elementor-element elementor-element-fcbed8e\" data-id=\"fcbed8e\" data-element_type=\"column\" data-e-type=\"column\">\n\t\t\t<div class=\"elementor-widget-wrap elementor-element-populated\">\n\t\t\t\t\t\t<div class=\"elementor-element elementor-element-3af0002 elementor-widget elementor-widget-heading\" data-id=\"3af0002\" data-element_type=\"widget\" data-e-type=\"widget\" data-widget_type=\"heading.default\">\n\t\t\t\t\t<h2 class=\"elementor-heading-title elementor-size-default\">B\u00e4ttre verktyg \u2013 f\u00f6r att kunna fatta mer informerade beslut<\/h2>\t\t\t\t<\/div>\n\t\t\t\t<div class=\"elementor-element elementor-element-cafde81 elementor-widget elementor-widget-text-editor\" data-id=\"cafde81\" data-element_type=\"widget\" data-e-type=\"widget\" data-widget_type=\"text-editor.default\">\n\t\t\t\t\t\t\t\t\t<p>Datakvaliteten var en annan punkt som l\u00e5g h\u00f6gt upp p\u00e5 agendan. Det handlar om att kunna fatta mer informerade beslut \u2013 b\u00e5de snabba, operativa beslut och mer strategiska p\u00e5 styrelse- och ledningsgruppsniv\u00e5.\u00a0<span style=\"color: var( --e-global-color-text );\">Med r\u00e4tt siffror och en klar \u00f6verblick av l\u00e4get blir det l\u00e4ttare och tryggare.\u00a0<\/span><\/p><p><span style=\"color: var( --e-global-color-text );\">S\u00e5 h\u00e4r sammanfattar en av ekonomicheferna det:<\/span><\/p><p>\u2013 F\u00f6r att kunna fatta bra beslut m\u00e5ste jag kunna lita p\u00e5 siffrorna och kunna j\u00e4mf\u00f6ra dem. Jag beh\u00f6ver ett verktyg som g\u00f6r det enklare att hitta, visualisera och f\u00f6rklara data. Det skulle verkligen hj\u00e4lpa mig i min rapportering idag och dessutom m\u00f6jligg\u00f6ra en mer fram\u00e5tblickande analys.<\/p>\t\t\t\t\t\t\t\t<\/div>\n\t\t\t\t\t<\/div>\n\t\t<\/div>\n\t\t\t\t\t<\/div>\n\t\t<\/section>\n\t\t\t\t<section class=\"elementor-section elementor-top-section elementor-element elementor-element-d96d0a6 elementor-section-boxed elementor-section-height-default elementor-section-height-default\" data-id=\"d96d0a6\" data-element_type=\"section\" data-e-type=\"section\" data-settings=\"{&quot;jet_parallax_layout_list&quot;:[{&quot;jet_parallax_layout_image&quot;:{&quot;url&quot;:&quot;&quot;,&quot;id&quot;:&quot;&quot;,&quot;size&quot;:&quot;&quot;},&quot;_id&quot;:&quot;e0656fd&quot;,&quot;jet_parallax_layout_image_tablet&quot;:{&quot;url&quot;:&quot;&quot;,&quot;id&quot;:&quot;&quot;,&quot;size&quot;:&quot;&quot;},&quot;jet_parallax_layout_image_mobile&quot;:{&quot;url&quot;:&quot;&quot;,&quot;id&quot;:&quot;&quot;,&quot;size&quot;:&quot;&quot;},&quot;jet_parallax_layout_speed&quot;:{&quot;unit&quot;:&quot;%&quot;,&quot;size&quot;:50,&quot;sizes&quot;:[]},&quot;jet_parallax_layout_type&quot;:&quot;scroll&quot;,&quot;jet_parallax_layout_direction&quot;:&quot;1&quot;,&quot;jet_parallax_layout_fx_direction&quot;:null,&quot;jet_parallax_layout_z_index&quot;:&quot;&quot;,&quot;jet_parallax_layout_bg_x&quot;:50,&quot;jet_parallax_layout_bg_x_tablet&quot;:&quot;&quot;,&quot;jet_parallax_layout_bg_x_mobile&quot;:&quot;&quot;,&quot;jet_parallax_layout_bg_y&quot;:50,&quot;jet_parallax_layout_bg_y_tablet&quot;:&quot;&quot;,&quot;jet_parallax_layout_bg_y_mobile&quot;:&quot;&quot;,&quot;jet_parallax_layout_bg_size&quot;:&quot;auto&quot;,&quot;jet_parallax_layout_bg_size_tablet&quot;:&quot;&quot;,&quot;jet_parallax_layout_bg_size_mobile&quot;:&quot;&quot;,&quot;jet_parallax_layout_animation_prop&quot;:&quot;transform&quot;,&quot;jet_parallax_layout_on&quot;:[&quot;desktop&quot;,&quot;tablet&quot;]}]}\">\n\t\t\t\t\t\t<div class=\"elementor-container elementor-column-gap-default\">\n\t\t\t\t\t<div class=\"elementor-column elementor-col-100 elementor-top-column elementor-element elementor-element-3ab5384\" data-id=\"3ab5384\" data-element_type=\"column\" data-e-type=\"column\">\n\t\t\t<div class=\"elementor-widget-wrap elementor-element-populated\">\n\t\t\t\t\t\t<div class=\"elementor-element elementor-element-5d47057 elementor-widget elementor-widget-heading\" data-id=\"5d47057\" data-element_type=\"widget\" data-e-type=\"widget\" data-widget_type=\"heading.default\">\n\t\t\t\t\t<h3 class=\"elementor-heading-title elementor-size-default\">Vill du veta mer? <\/h3>\t\t\t\t<\/div>\n\t\t\t\t<div class=\"elementor-element elementor-element-ba2431b elementor-widget elementor-widget-raven-posts\" data-id=\"ba2431b\" data-element_type=\"widget\" data-e-type=\"widget\" data-settings=\"{&quot;query_posts_per_page&quot;:4,&quot;classic_columns&quot;:&quot;2&quot;,&quot;_skin&quot;:&quot;classic&quot;,&quot;classic_layout&quot;:&quot;grid&quot;,&quot;classic_columns_tablet&quot;:&quot;2&quot;,&quot;classic_columns_mobile&quot;:&quot;1&quot;,&quot;query_offset&quot;:0}\" data-widget_type=\"raven-posts.classic\">\n\t\t\t\t<div class=\"elementor-widget-container\">\n\t\t\t\t\t\t\t<div class=\"raven-posts raven-grid raven-grid-2 raven-grid-mobile-1 raven-grid-tablet-2\" data-post-id=\"21225\" data-archive-query=\"\" data-lang=\"\">\n\t\t\t\t<div class=\"raven-grid-item raven-post-item post-9222 post type-post status-publish format-standard has-post-thumbnail hentry category-artiklar category-ekonomistyrning tag-cfo tag-ekonomichef tag-nyckeltal\">\n\t\t\t<div class=\"raven-post\">\n\t\t\t\t\t\t<div class=\"raven-post-image-wrap\">\n\t\t\t<a class=\"raven-post-image raven-image-fit\" href=\"https:\/\/oxceed.com\/fi\/artiklar\/ekonomistyrning\/atta-nyckeltal-du-bor-ha-koll-pa\/\"><img loading=\"lazy\" decoding=\"async\" width=\"768\" height=\"437\" src=\"https:\/\/oxceed.com\/fi\/wp-content\/uploads\/sites\/24\/2024\/03\/atta-nyckeltal-du-bor-ha-koll-pa-768x437.jpg\" class=\"attachment-medium_large size-medium_large wp-image-32039\" alt=\"\u00c5tta nyckeltal du b\u00f6r ha koll p\u00e5\" srcset=\"https:\/\/oxceed.com\/fi\/wp-content\/uploads\/sites\/24\/2024\/03\/atta-nyckeltal-du-bor-ha-koll-pa-768x437.jpg 768w, https:\/\/oxceed.com\/fi\/wp-content\/uploads\/sites\/24\/2024\/03\/atta-nyckeltal-du-bor-ha-koll-pa-1920x1093.jpg 1920w, https:\/\/oxceed.com\/fi\/wp-content\/uploads\/sites\/24\/2024\/03\/atta-nyckeltal-du-bor-ha-koll-pa-1536x874.jpg 1536w, https:\/\/oxceed.com\/fi\/wp-content\/uploads\/sites\/24\/2024\/03\/atta-nyckeltal-du-bor-ha-koll-pa-2048x1165.jpg 2048w\" sizes=\"auto, (max-width: 768px) 100vw, 768px\" \/> <span class=\"raven-post-image-overlay\"><\/span><\/a>\t\t<\/div>\n\t\t\t\t\t\t<div class=\"raven-post-content\">\n\t\t\t\t\t<h3 class=\"raven-post-title\"><a class=\"raven-post-title-link\" href=\"https:\/\/oxceed.com\/fi\/artiklar\/ekonomistyrning\/atta-nyckeltal-du-bor-ha-koll-pa\/\">\u00c5tta nyckeltal du b\u00f6r ha koll p\u00e5<\/a><\/h3>\t\t<div class=\"raven-post-read-more\">\n\t\t\t<a class=\"raven-post-button\" href=\"https:\/\/oxceed.com\/fi\/artiklar\/ekonomistyrning\/atta-nyckeltal-du-bor-ha-koll-pa\/\"><span class=\"raven-post-button-text\">L\u00e4s mer<\/span><\/a>\n\t\t<\/div>\n\t\t\t\t\t\t<\/div>\n\t\t\t<\/div>\n\t\t<\/div>\n\t\t\t\t<div class=\"raven-grid-item raven-post-item post-33192 post type-post status-publish format-standard has-post-thumbnail hentry category-artiklar category-rapportering tag-cfo tag-ekonomichef tag-nyckeltal tag-arsredovisning\">\n\t\t\t<div class=\"raven-post\">\n\t\t\t\t\t\t<div class=\"raven-post-image-wrap\">\n\t\t\t<a class=\"raven-post-image raven-image-fit\" href=\"https:\/\/oxceed.com\/fi\/artiklar\/rapportering\/nyckeltalen-du-bor-ha-med-i-arsredovisningen\/\"><img loading=\"lazy\" decoding=\"async\" width=\"768\" height=\"439\" src=\"https:\/\/oxceed.com\/fi\/wp-content\/uploads\/sites\/24\/2025\/04\/nyckeltalen-du-bor-ha-med-i-arsredovisningen-1-768x439.jpg\" class=\"attachment-medium_large size-medium_large wp-image-33335\" alt=\"\" srcset=\"https:\/\/oxceed.com\/fi\/wp-content\/uploads\/sites\/24\/2025\/04\/nyckeltalen-du-bor-ha-med-i-arsredovisningen-1-768x439.jpg 768w, https:\/\/oxceed.com\/fi\/wp-content\/uploads\/sites\/24\/2025\/04\/nyckeltalen-du-bor-ha-med-i-arsredovisningen-1.jpg 1344w\" sizes=\"auto, (max-width: 768px) 100vw, 768px\" \/> <span class=\"raven-post-image-overlay\"><\/span><\/a>\t\t<\/div>\n\t\t\t\t\t\t<div class=\"raven-post-content\">\n\t\t\t\t\t<h3 class=\"raven-post-title\"><a class=\"raven-post-title-link\" href=\"https:\/\/oxceed.com\/fi\/artiklar\/rapportering\/nyckeltalen-du-bor-ha-med-i-arsredovisningen\/\">Nyckeltalen du b\u00f6r ha med i \u00e5rsredovisningen<\/a><\/h3>\t\t<div class=\"raven-post-read-more\">\n\t\t\t<a class=\"raven-post-button\" href=\"https:\/\/oxceed.com\/fi\/artiklar\/rapportering\/nyckeltalen-du-bor-ha-med-i-arsredovisningen\/\"><span class=\"raven-post-button-text\">L\u00e4s mer<\/span><\/a>\n\t\t<\/div>\n\t\t\t\t\t\t<\/div>\n\t\t\t<\/div>\n\t\t<\/div>\n\t\t\t\t<div class=\"raven-grid-item raven-post-item post-23192 post type-post status-publish format-standard has-post-thumbnail hentry category-artiklar category-ekonomistyrning tag-budget tag-cfo tag-ekonomichef tag-kostnadskontroll tag-likviditet tag-prognos\">\n\t\t\t<div class=\"raven-post\">\n\t\t\t\t\t\t<div class=\"raven-post-image-wrap\">\n\t\t\t<a class=\"raven-post-image raven-image-fit\" href=\"https:\/\/oxceed.com\/fi\/artiklar\/ekonomistyrning\/kostnadsbesparingar-i-fokus-tre-satt-att-kostnadsminimera\/\"><img loading=\"lazy\" decoding=\"async\" width=\"768\" height=\"512\" src=\"https:\/\/oxceed.com\/fi\/wp-content\/uploads\/sites\/24\/2025\/02\/kostnadsbesparingar-i-fokus-tre-satt-att-kostnadsminimera-768x512.jpg\" class=\"attachment-medium_large size-medium_large wp-image-33392\" alt=\"\" srcset=\"https:\/\/oxceed.com\/fi\/wp-content\/uploads\/sites\/24\/2025\/02\/kostnadsbesparingar-i-fokus-tre-satt-att-kostnadsminimera-768x512.jpg 768w, https:\/\/oxceed.com\/fi\/wp-content\/uploads\/sites\/24\/2025\/02\/kostnadsbesparingar-i-fokus-tre-satt-att-kostnadsminimera-1920x1280.jpg 1920w, https:\/\/oxceed.com\/fi\/wp-content\/uploads\/sites\/24\/2025\/02\/kostnadsbesparingar-i-fokus-tre-satt-att-kostnadsminimera-1536x1024.jpg 1536w, https:\/\/oxceed.com\/fi\/wp-content\/uploads\/sites\/24\/2025\/02\/kostnadsbesparingar-i-fokus-tre-satt-att-kostnadsminimera-2048x1366.jpg 2048w\" sizes=\"auto, (max-width: 768px) 100vw, 768px\" \/> <span class=\"raven-post-image-overlay\"><\/span><\/a>\t\t<\/div>\n\t\t\t\t\t\t<div class=\"raven-post-content\">\n\t\t\t\t\t<h3 class=\"raven-post-title\"><a class=\"raven-post-title-link\" href=\"https:\/\/oxceed.com\/fi\/artiklar\/ekonomistyrning\/kostnadsbesparingar-i-fokus-tre-satt-att-kostnadsminimera\/\">Kostnadsbesparingar i fokus \u2013 tre s\u00e4tt att kostnadsminimera\u00a0<\/a><\/h3>\t\t<div class=\"raven-post-read-more\">\n\t\t\t<a class=\"raven-post-button\" href=\"https:\/\/oxceed.com\/fi\/artiklar\/ekonomistyrning\/kostnadsbesparingar-i-fokus-tre-satt-att-kostnadsminimera\/\"><span class=\"raven-post-button-text\">L\u00e4s mer<\/span><\/a>\n\t\t<\/div>\n\t\t\t\t\t\t<\/div>\n\t\t\t<\/div>\n\t\t<\/div>\n\t\t\t\t<div class=\"raven-grid-item raven-post-item post-9571 post type-post status-publish format-standard has-post-thumbnail hentry category-artiklar category-rapportering tag-cfo tag-ekonomichef tag-rapportering\">\n\t\t\t<div class=\"raven-post\">\n\t\t\t\t\t\t<div class=\"raven-post-image-wrap\">\n\t\t\t<a class=\"raven-post-image raven-image-fit\" href=\"https:\/\/oxceed.com\/fi\/artiklar\/rapportering\/darfor-ska-du-rapportera-med-rullande-12\/\"><img loading=\"lazy\" decoding=\"async\" width=\"768\" height=\"512\" src=\"https:\/\/oxceed.com\/fi\/wp-content\/uploads\/sites\/24\/2024\/05\/darfor-ska-du-rapportera-med-rullande-12-1-768x512.jpeg\" class=\"attachment-medium_large size-medium_large wp-image-33695\" alt=\"\" srcset=\"https:\/\/oxceed.com\/fi\/wp-content\/uploads\/sites\/24\/2024\/05\/darfor-ska-du-rapportera-med-rullande-12-1-768x512.jpeg 768w, https:\/\/oxceed.com\/fi\/wp-content\/uploads\/sites\/24\/2024\/05\/darfor-ska-du-rapportera-med-rullande-12-1-1920x1281.jpeg 1920w, https:\/\/oxceed.com\/fi\/wp-content\/uploads\/sites\/24\/2024\/05\/darfor-ska-du-rapportera-med-rullande-12-1-1536x1024.jpeg 1536w, https:\/\/oxceed.com\/fi\/wp-content\/uploads\/sites\/24\/2024\/05\/darfor-ska-du-rapportera-med-rullande-12-1-2048x1366.jpeg 2048w\" sizes=\"auto, (max-width: 768px) 100vw, 768px\" \/> <span class=\"raven-post-image-overlay\"><\/span><\/a>\t\t<\/div>\n\t\t\t\t\t\t<div class=\"raven-post-content\">\n\t\t\t\t\t<h3 class=\"raven-post-title\"><a class=\"raven-post-title-link\" href=\"https:\/\/oxceed.com\/fi\/artiklar\/rapportering\/darfor-ska-du-rapportera-med-rullande-12\/\">D\u00e4rf\u00f6r ska du rapportera med rullande 12<\/a><\/h3>\t\t<div class=\"raven-post-read-more\">\n\t\t\t<a class=\"raven-post-button\" href=\"https:\/\/oxceed.com\/fi\/artiklar\/rapportering\/darfor-ska-du-rapportera-med-rullande-12\/\"><span class=\"raven-post-button-text\">L\u00e4s mer<\/span><\/a>\n\t\t<\/div>\n\t\t\t\t\t\t<\/div>\n\t\t\t<\/div>\n\t\t<\/div>\n\t\t\t\t<\/div>\n\t\t\t\t\t\t<\/div>\n\t\t\t\t<\/div>\n\t\t\t\t\t<\/div>\n\t\t<\/div>\n\t\t\t\t\t<\/div>\n\t\t<\/section>\n\t\t\t\t<\/div>\n\t\t","protected":false},"excerpt":{"rendered":"<p>Efter samtal med n\u00e4rmare 120 ekonomichefer i Sverige \u00e4r det i huvudsak tre utmaningar som visar sig ligga h\u00f6gst upp p\u00e5 deras agendor. H\u00e4r \u00e4r insikterna de delar med sig av och svaren p\u00e5 fr\u00e5gan \u201dVad ligger h\u00f6gst p\u00e5 din priolista just nu?\u201d. \u2013 Vi ville l\u00e4gga \u00f6rat mot r\u00e4lsen och f\u00e5 reda p\u00e5 vad [&hellip;]<\/p>\n","protected":false},"author":7,"featured_media":22678,"comment_status":"closed","ping_status":"open","sticky":false,"template":"","format":"standard","meta":{"_acf_changed":false,"_trash_the_other_posts":false,"editor_notices":[],"footnotes":""},"categories":[1372367,1372506],"tags":[1372403,1372402],"class_list":["post-21225","post","type-post","status-publish","format-standard","has-post-thumbnail","hentry","category-artiklar","category-foretagsledning","tag-cfo","tag-ekonomichef"],"acf":[],"yoast_head":"<!-- This site is optimized with the Yoast SEO Premium plugin v26.5 (Yoast SEO v27.4) - https:\/\/yoast.com\/product\/yoast-seo-premium-wordpress\/ -->\n<title>H\u00f6gst upp p\u00e5 agendan hos svenska ekonomichefer? \u2013 Vi vet svaren - Oxceed Finland<\/title>\n<meta name=\"robots\" content=\"noindex, follow, max-snippet:-1, max-image-preview:large, max-video-preview:-1\" \/>\n<meta property=\"og:locale\" content=\"en_GB\" \/>\n<meta property=\"og:type\" content=\"article\" \/>\n<meta property=\"og:title\" content=\"H\u00f6gst upp p\u00e5 agendan hos svenska ekonomichefer? \u2013 Vi vet svaren\" \/>\n<meta property=\"og:description\" content=\"Efter samtal med n\u00e4rmare 120 ekonomichefer i Sverige \u00e4r det i huvudsak tre utmaningar som visar sig ligga h\u00f6gst upp p\u00e5 deras agendor. H\u00e4r \u00e4r insikterna de delar med sig av och svaren p\u00e5 fr\u00e5gan \u201dVad ligger h\u00f6gst p\u00e5 din priolista just nu?\u201d. \u2013 Vi ville l\u00e4gga \u00f6rat mot r\u00e4lsen och f\u00e5 reda p\u00e5 vad [&hellip;]\" \/>\n<meta property=\"og:url\" content=\"https:\/\/oxceed.com\/fi\/artiklar\/foretagsledning\/topp-tre-prio-pa-agendan-hos-landets-ekonomichefer\/\" \/>\n<meta property=\"og:site_name\" content=\"Oxceed Finland\" \/>\n<meta property=\"article:published_time\" content=\"2023-08-31T12:39:03+00:00\" \/>\n<meta property=\"article:modified_time\" content=\"2025-08-29T09:17:38+00:00\" \/>\n<meta property=\"og:image\" content=\"https:\/\/oxceed.com\/fi\/wp-content\/uploads\/sites\/24\/2023\/08\/DSC7945-light-scaled.jpeg\" \/>\n\t<meta property=\"og:image:width\" content=\"2560\" \/>\n\t<meta property=\"og:image:height\" content=\"1708\" \/>\n\t<meta property=\"og:image:type\" content=\"image\/jpeg\" \/>\n<meta name=\"author\" content=\"Linnea S\u00f6derling\" \/>\n<meta name=\"twitter:card\" content=\"summary_large_image\" \/>\n<meta name=\"twitter:label1\" content=\"Written by\" \/>\n\t<meta name=\"twitter:data1\" content=\"Linnea S\u00f6derling\" \/>\n\t<meta name=\"twitter:label2\" content=\"Estimated reading time\" \/>\n\t<meta name=\"twitter:data2\" content=\"5 minutes\" \/>\n<script type=\"application\/ld+json\" class=\"yoast-schema-graph\">{\"@context\":\"https:\\\/\\\/schema.org\",\"@graph\":[{\"@type\":\"Article\",\"@id\":\"https:\\\/\\\/oxceed.com\\\/fi\\\/artiklar\\\/foretagsledning\\\/topp-tre-prio-pa-agendan-hos-landets-ekonomichefer\\\/#article\",\"isPartOf\":{\"@id\":\"https:\\\/\\\/oxceed.com\\\/fi\\\/artiklar\\\/foretagsledning\\\/topp-tre-prio-pa-agendan-hos-landets-ekonomichefer\\\/\"},\"author\":{\"name\":\"Linnea S\u00f6derling\",\"@id\":\"https:\\\/\\\/oxceed.com\\\/fi\\\/#\\\/schema\\\/person\\\/d3ef8d1d9723d55d8ab1fa1d61c56187\"},\"headline\":\"H\u00f6gst upp p\u00e5 agendan hos svenska ekonomichefer? \u2013 Vi vet svaren\",\"datePublished\":\"2023-08-31T12:39:03+00:00\",\"dateModified\":\"2025-08-29T09:17:38+00:00\",\"mainEntityOfPage\":{\"@id\":\"https:\\\/\\\/oxceed.com\\\/fi\\\/artiklar\\\/foretagsledning\\\/topp-tre-prio-pa-agendan-hos-landets-ekonomichefer\\\/\"},\"wordCount\":745,\"image\":{\"@id\":\"https:\\\/\\\/oxceed.com\\\/fi\\\/artiklar\\\/foretagsledning\\\/topp-tre-prio-pa-agendan-hos-landets-ekonomichefer\\\/#primaryimage\"},\"thumbnailUrl\":\"https:\\\/\\\/oxceed.com\\\/fi\\\/wp-content\\\/uploads\\\/sites\\\/24\\\/2023\\\/08\\\/DSC7945-light-scaled.jpeg\",\"keywords\":[\"cfo\",\"ekonomichef\"],\"articleSection\":[\"Artiklar\",\"F\u00f6retagsledning\"],\"inLanguage\":\"en-GB\"},{\"@type\":\"WebPage\",\"@id\":\"https:\\\/\\\/oxceed.com\\\/fi\\\/artiklar\\\/foretagsledning\\\/topp-tre-prio-pa-agendan-hos-landets-ekonomichefer\\\/\",\"url\":\"https:\\\/\\\/oxceed.com\\\/fi\\\/artiklar\\\/foretagsledning\\\/topp-tre-prio-pa-agendan-hos-landets-ekonomichefer\\\/\",\"name\":\"H\u00f6gst upp p\u00e5 agendan hos svenska ekonomichefer? \u2013 Vi vet svaren - Oxceed Finland\",\"isPartOf\":{\"@id\":\"https:\\\/\\\/oxceed.com\\\/fi\\\/#website\"},\"primaryImageOfPage\":{\"@id\":\"https:\\\/\\\/oxceed.com\\\/fi\\\/artiklar\\\/foretagsledning\\\/topp-tre-prio-pa-agendan-hos-landets-ekonomichefer\\\/#primaryimage\"},\"image\":{\"@id\":\"https:\\\/\\\/oxceed.com\\\/fi\\\/artiklar\\\/foretagsledning\\\/topp-tre-prio-pa-agendan-hos-landets-ekonomichefer\\\/#primaryimage\"},\"thumbnailUrl\":\"https:\\\/\\\/oxceed.com\\\/fi\\\/wp-content\\\/uploads\\\/sites\\\/24\\\/2023\\\/08\\\/DSC7945-light-scaled.jpeg\",\"datePublished\":\"2023-08-31T12:39:03+00:00\",\"dateModified\":\"2025-08-29T09:17:38+00:00\",\"author\":{\"@id\":\"https:\\\/\\\/oxceed.com\\\/fi\\\/#\\\/schema\\\/person\\\/d3ef8d1d9723d55d8ab1fa1d61c56187\"},\"breadcrumb\":{\"@id\":\"https:\\\/\\\/oxceed.com\\\/fi\\\/artiklar\\\/foretagsledning\\\/topp-tre-prio-pa-agendan-hos-landets-ekonomichefer\\\/#breadcrumb\"},\"inLanguage\":\"en-GB\",\"potentialAction\":[{\"@type\":\"ReadAction\",\"target\":[\"https:\\\/\\\/oxceed.com\\\/fi\\\/artiklar\\\/foretagsledning\\\/topp-tre-prio-pa-agendan-hos-landets-ekonomichefer\\\/\"]}]},{\"@type\":\"ImageObject\",\"inLanguage\":\"en-GB\",\"@id\":\"https:\\\/\\\/oxceed.com\\\/fi\\\/artiklar\\\/foretagsledning\\\/topp-tre-prio-pa-agendan-hos-landets-ekonomichefer\\\/#primaryimage\",\"url\":\"https:\\\/\\\/oxceed.com\\\/fi\\\/wp-content\\\/uploads\\\/sites\\\/24\\\/2023\\\/08\\\/DSC7945-light-scaled.jpeg\",\"contentUrl\":\"https:\\\/\\\/oxceed.com\\\/fi\\\/wp-content\\\/uploads\\\/sites\\\/24\\\/2023\\\/08\\\/DSC7945-light-scaled.jpeg\",\"width\":2560,\"height\":1708},{\"@type\":\"BreadcrumbList\",\"@id\":\"https:\\\/\\\/oxceed.com\\\/fi\\\/artiklar\\\/foretagsledning\\\/topp-tre-prio-pa-agendan-hos-landets-ekonomichefer\\\/#breadcrumb\",\"itemListElement\":[{\"@type\":\"ListItem\",\"position\":1,\"name\":\"Home\",\"item\":\"https:\\\/\\\/oxceed.com\\\/fi\\\/\"},{\"@type\":\"ListItem\",\"position\":2,\"name\":\"H\u00f6gst upp p\u00e5 agendan hos svenska ekonomichefer? \u2013 Vi vet svaren\"}]},{\"@type\":\"WebSite\",\"@id\":\"https:\\\/\\\/oxceed.com\\\/fi\\\/#website\",\"url\":\"https:\\\/\\\/oxceed.com\\\/fi\\\/\",\"name\":\"Oxceed Finland\",\"description\":\"Fatta b\u00e4ttre beslut med Oxceed\",\"potentialAction\":[{\"@type\":\"SearchAction\",\"target\":{\"@type\":\"EntryPoint\",\"urlTemplate\":\"https:\\\/\\\/oxceed.com\\\/fi\\\/?s={search_term_string}\"},\"query-input\":{\"@type\":\"PropertyValueSpecification\",\"valueRequired\":true,\"valueName\":\"search_term_string\"}}],\"inLanguage\":\"en-GB\"},{\"@type\":\"Person\",\"@id\":\"https:\\\/\\\/oxceed.com\\\/fi\\\/#\\\/schema\\\/person\\\/d3ef8d1d9723d55d8ab1fa1d61c56187\",\"name\":\"Linnea S\u00f6derling\",\"image\":{\"@type\":\"ImageObject\",\"inLanguage\":\"en-GB\",\"@id\":\"https:\\\/\\\/secure.gravatar.com\\\/avatar\\\/c7bc027cc41b2b4393d0c16451cbda891eb4099ed5f4b26feb95fe230585d09c?s=96&d=identicon&r=g\",\"url\":\"https:\\\/\\\/secure.gravatar.com\\\/avatar\\\/c7bc027cc41b2b4393d0c16451cbda891eb4099ed5f4b26feb95fe230585d09c?s=96&d=identicon&r=g\",\"contentUrl\":\"https:\\\/\\\/secure.gravatar.com\\\/avatar\\\/c7bc027cc41b2b4393d0c16451cbda891eb4099ed5f4b26feb95fe230585d09c?s=96&d=identicon&r=g\",\"caption\":\"Linnea S\u00f6derling\"},\"description\":\"Linnea \u00e4r en erfaren ekonom och entrepren\u00f6r som ansvarar f\u00f6r inneh\u00e5ll och produktmarknadsf\u00f6ring p\u00e5 Oxceed. Hennes djupa f\u00f6rst\u00e5else f\u00f6r sm\u00e5 och medelstora f\u00f6retag kommer fr\u00e5n hennes egna erfarenheter av att bygga bolag fr\u00e5n grunden. Hon \u00e4r medgrundare av f\u00f6retaget The Smiling Group, som hon byggde upp under nio \u00e5r, fr\u00e5n 2012 till 2021, innan bolaget s\u00e5ldes till Vitamin Well. Under den tiden var Linnea djupt involverad i alla delar av verksamheten, inklusive strategi, marknadsf\u00f6ring och \u2013 framf\u00f6rallt \u2013 bolagets ekonomi. Denna direkta erfarenhet av att hantera finanser, likviditet och tillv\u00e4xt i en snabbv\u00e4xande organisation ger henne en unik insikt i vad som kr\u00e4vs f\u00f6r att driva ett f\u00f6retag. P\u00e5 Oxceed bidrar hon med sin expertis f\u00f6r att skapa relevant och v\u00e4rdefullt inneh\u00e5ll som hj\u00e4lper ekonomichefer och redovisningskonsulter att ta kontroll \u00f6ver sin finansiella styrning med hj\u00e4lp av moderna, molnbaserade verktyg.\",\"birthDate\":\"1984-10-19\",\"gender\":\"kvinna\",\"knowsAbout\":[\"Ekonomi\",\"Redovisning\",\"Marknadsf\u00f6ring\"],\"knowsLanguage\":[\"Svenska\",\"Engelska\"],\"jobTitle\":\"Product Marketing Coordinator\",\"worksFor\":\"Oxceed AB\"}]}<\/script>\n<!-- \/ Yoast SEO Premium plugin. -->","yoast_head_json":{"title":"H\u00f6gst upp p\u00e5 agendan hos svenska ekonomichefer? \u2013 Vi vet svaren - Oxceed Finland","robots":{"index":"noindex","follow":"follow","max-snippet":"max-snippet:-1","max-image-preview":"max-image-preview:large","max-video-preview":"max-video-preview:-1"},"og_locale":"en_GB","og_type":"article","og_title":"H\u00f6gst upp p\u00e5 agendan hos svenska ekonomichefer? \u2013 Vi vet svaren","og_description":"Efter samtal med n\u00e4rmare 120 ekonomichefer i Sverige \u00e4r det i huvudsak tre utmaningar som visar sig ligga h\u00f6gst upp p\u00e5 deras agendor. H\u00e4r \u00e4r insikterna de delar med sig av och svaren p\u00e5 fr\u00e5gan \u201dVad ligger h\u00f6gst p\u00e5 din priolista just nu?\u201d. \u2013 Vi ville l\u00e4gga \u00f6rat mot r\u00e4lsen och f\u00e5 reda p\u00e5 vad [&hellip;]","og_url":"https:\/\/oxceed.com\/fi\/artiklar\/foretagsledning\/topp-tre-prio-pa-agendan-hos-landets-ekonomichefer\/","og_site_name":"Oxceed Finland","article_published_time":"2023-08-31T12:39:03+00:00","article_modified_time":"2025-08-29T09:17:38+00:00","og_image":[{"width":2560,"height":1708,"url":"https:\/\/oxceed.com\/fi\/wp-content\/uploads\/sites\/24\/2023\/08\/DSC7945-light-scaled.jpeg","type":"image\/jpeg"}],"author":"Linnea S\u00f6derling","twitter_card":"summary_large_image","twitter_misc":{"Written by":"Linnea S\u00f6derling","Estimated reading time":"5 minutes"},"schema":{"@context":"https:\/\/schema.org","@graph":[{"@type":"Article","@id":"https:\/\/oxceed.com\/fi\/artiklar\/foretagsledning\/topp-tre-prio-pa-agendan-hos-landets-ekonomichefer\/#article","isPartOf":{"@id":"https:\/\/oxceed.com\/fi\/artiklar\/foretagsledning\/topp-tre-prio-pa-agendan-hos-landets-ekonomichefer\/"},"author":{"name":"Linnea S\u00f6derling","@id":"https:\/\/oxceed.com\/fi\/#\/schema\/person\/d3ef8d1d9723d55d8ab1fa1d61c56187"},"headline":"H\u00f6gst upp p\u00e5 agendan hos svenska ekonomichefer? \u2013 Vi vet svaren","datePublished":"2023-08-31T12:39:03+00:00","dateModified":"2025-08-29T09:17:38+00:00","mainEntityOfPage":{"@id":"https:\/\/oxceed.com\/fi\/artiklar\/foretagsledning\/topp-tre-prio-pa-agendan-hos-landets-ekonomichefer\/"},"wordCount":745,"image":{"@id":"https:\/\/oxceed.com\/fi\/artiklar\/foretagsledning\/topp-tre-prio-pa-agendan-hos-landets-ekonomichefer\/#primaryimage"},"thumbnailUrl":"https:\/\/oxceed.com\/fi\/wp-content\/uploads\/sites\/24\/2023\/08\/DSC7945-light-scaled.jpeg","keywords":["cfo","ekonomichef"],"articleSection":["Artiklar","F\u00f6retagsledning"],"inLanguage":"en-GB"},{"@type":"WebPage","@id":"https:\/\/oxceed.com\/fi\/artiklar\/foretagsledning\/topp-tre-prio-pa-agendan-hos-landets-ekonomichefer\/","url":"https:\/\/oxceed.com\/fi\/artiklar\/foretagsledning\/topp-tre-prio-pa-agendan-hos-landets-ekonomichefer\/","name":"H\u00f6gst upp p\u00e5 agendan hos svenska ekonomichefer? \u2013 Vi vet svaren - Oxceed Finland","isPartOf":{"@id":"https:\/\/oxceed.com\/fi\/#website"},"primaryImageOfPage":{"@id":"https:\/\/oxceed.com\/fi\/artiklar\/foretagsledning\/topp-tre-prio-pa-agendan-hos-landets-ekonomichefer\/#primaryimage"},"image":{"@id":"https:\/\/oxceed.com\/fi\/artiklar\/foretagsledning\/topp-tre-prio-pa-agendan-hos-landets-ekonomichefer\/#primaryimage"},"thumbnailUrl":"https:\/\/oxceed.com\/fi\/wp-content\/uploads\/sites\/24\/2023\/08\/DSC7945-light-scaled.jpeg","datePublished":"2023-08-31T12:39:03+00:00","dateModified":"2025-08-29T09:17:38+00:00","author":{"@id":"https:\/\/oxceed.com\/fi\/#\/schema\/person\/d3ef8d1d9723d55d8ab1fa1d61c56187"},"breadcrumb":{"@id":"https:\/\/oxceed.com\/fi\/artiklar\/foretagsledning\/topp-tre-prio-pa-agendan-hos-landets-ekonomichefer\/#breadcrumb"},"inLanguage":"en-GB","potentialAction":[{"@type":"ReadAction","target":["https:\/\/oxceed.com\/fi\/artiklar\/foretagsledning\/topp-tre-prio-pa-agendan-hos-landets-ekonomichefer\/"]}]},{"@type":"ImageObject","inLanguage":"en-GB","@id":"https:\/\/oxceed.com\/fi\/artiklar\/foretagsledning\/topp-tre-prio-pa-agendan-hos-landets-ekonomichefer\/#primaryimage","url":"https:\/\/oxceed.com\/fi\/wp-content\/uploads\/sites\/24\/2023\/08\/DSC7945-light-scaled.jpeg","contentUrl":"https:\/\/oxceed.com\/fi\/wp-content\/uploads\/sites\/24\/2023\/08\/DSC7945-light-scaled.jpeg","width":2560,"height":1708},{"@type":"BreadcrumbList","@id":"https:\/\/oxceed.com\/fi\/artiklar\/foretagsledning\/topp-tre-prio-pa-agendan-hos-landets-ekonomichefer\/#breadcrumb","itemListElement":[{"@type":"ListItem","position":1,"name":"Home","item":"https:\/\/oxceed.com\/fi\/"},{"@type":"ListItem","position":2,"name":"H\u00f6gst upp p\u00e5 agendan hos svenska ekonomichefer? \u2013 Vi vet svaren"}]},{"@type":"WebSite","@id":"https:\/\/oxceed.com\/fi\/#website","url":"https:\/\/oxceed.com\/fi\/","name":"Oxceed Finland","description":"Fatta b\u00e4ttre beslut med Oxceed","potentialAction":[{"@type":"SearchAction","target":{"@type":"EntryPoint","urlTemplate":"https:\/\/oxceed.com\/fi\/?s={search_term_string}"},"query-input":{"@type":"PropertyValueSpecification","valueRequired":true,"valueName":"search_term_string"}}],"inLanguage":"en-GB"},{"@type":"Person","@id":"https:\/\/oxceed.com\/fi\/#\/schema\/person\/d3ef8d1d9723d55d8ab1fa1d61c56187","name":"Linnea S\u00f6derling","image":{"@type":"ImageObject","inLanguage":"en-GB","@id":"https:\/\/secure.gravatar.com\/avatar\/c7bc027cc41b2b4393d0c16451cbda891eb4099ed5f4b26feb95fe230585d09c?s=96&d=identicon&r=g","url":"https:\/\/secure.gravatar.com\/avatar\/c7bc027cc41b2b4393d0c16451cbda891eb4099ed5f4b26feb95fe230585d09c?s=96&d=identicon&r=g","contentUrl":"https:\/\/secure.gravatar.com\/avatar\/c7bc027cc41b2b4393d0c16451cbda891eb4099ed5f4b26feb95fe230585d09c?s=96&d=identicon&r=g","caption":"Linnea S\u00f6derling"},"description":"Linnea \u00e4r en erfaren ekonom och entrepren\u00f6r som ansvarar f\u00f6r inneh\u00e5ll och produktmarknadsf\u00f6ring p\u00e5 Oxceed. Hennes djupa f\u00f6rst\u00e5else f\u00f6r sm\u00e5 och medelstora f\u00f6retag kommer fr\u00e5n hennes egna erfarenheter av att bygga bolag fr\u00e5n grunden. Hon \u00e4r medgrundare av f\u00f6retaget The Smiling Group, som hon byggde upp under nio \u00e5r, fr\u00e5n 2012 till 2021, innan bolaget s\u00e5ldes till Vitamin Well. Under den tiden var Linnea djupt involverad i alla delar av verksamheten, inklusive strategi, marknadsf\u00f6ring och \u2013 framf\u00f6rallt \u2013 bolagets ekonomi. Denna direkta erfarenhet av att hantera finanser, likviditet och tillv\u00e4xt i en snabbv\u00e4xande organisation ger henne en unik insikt i vad som kr\u00e4vs f\u00f6r att driva ett f\u00f6retag. P\u00e5 Oxceed bidrar hon med sin expertis f\u00f6r att skapa relevant och v\u00e4rdefullt inneh\u00e5ll som hj\u00e4lper ekonomichefer och redovisningskonsulter att ta kontroll \u00f6ver sin finansiella styrning med hj\u00e4lp av moderna, molnbaserade verktyg.","birthDate":"1984-10-19","gender":"kvinna","knowsAbout":["Ekonomi","Redovisning","Marknadsf\u00f6ring"],"knowsLanguage":["Svenska","Engelska"],"jobTitle":"Product Marketing Coordinator","worksFor":"Oxceed AB"}]}},"_links":{"self":[{"href":"https:\/\/oxceed.com\/fi\/wp-json\/wp\/v2\/posts\/21225","targetHints":{"allow":["GET"]}}],"collection":[{"href":"https:\/\/oxceed.com\/fi\/wp-json\/wp\/v2\/posts"}],"about":[{"href":"https:\/\/oxceed.com\/fi\/wp-json\/wp\/v2\/types\/post"}],"author":[{"embeddable":true,"href":"https:\/\/oxceed.com\/fi\/wp-json\/wp\/v2\/users\/7"}],"replies":[{"embeddable":true,"href":"https:\/\/oxceed.com\/fi\/wp-json\/wp\/v2\/comments?post=21225"}],"version-history":[{"count":38,"href":"https:\/\/oxceed.com\/fi\/wp-json\/wp\/v2\/posts\/21225\/revisions"}],"predecessor-version":[{"id":31021,"href":"https:\/\/oxceed.com\/fi\/wp-json\/wp\/v2\/posts\/21225\/revisions\/31021"}],"wp:featuredmedia":[{"embeddable":true,"href":"https:\/\/oxceed.com\/fi\/wp-json\/wp\/v2\/media\/22678"}],"wp:attachment":[{"href":"https:\/\/oxceed.com\/fi\/wp-json\/wp\/v2\/media?parent=21225"}],"wp:term":[{"taxonomy":"category","embeddable":true,"href":"https:\/\/oxceed.com\/fi\/wp-json\/wp\/v2\/categories?post=21225"},{"taxonomy":"post_tag","embeddable":true,"href":"https:\/\/oxceed.com\/fi\/wp-json\/wp\/v2\/tags?post=21225"}],"curies":[{"name":"wp","href":"https:\/\/api.w.org\/{rel}","templated":true}]}}