{"id":1378,"date":"2019-08-21T13:33:11","date_gmt":"2019-08-21T11:33:11","guid":{"rendered":"https:\/\/oxceed.com\/?p=1378"},"modified":"2020-02-04T13:40:17","modified_gmt":"2020-02-04T12:40:17","slug":"ekonomi-foretagsmassan-2019","status":"publish","type":"post","link":"https:\/\/oxceed.com\/no\/nyheter\/ekonomi-foretagsmassan-2019\/","title":{"rendered":"Vi ses p\u00e5 Ekonomi &#038; F\u00f6retagsm\u00e4ssan 2019"},"content":{"rendered":"\n<p>Den 25 &amp; 26 september f\u00e5r ni g\u00e4rna komma och tr\u00e4ffa oss i monter C:21 p\u00e5 Ekonomi &amp; F\u00f6retagsm\u00e4ssan p\u00e5 Kistam\u00e4ssan i Stockholm. M\u00e4ssan inneh\u00e5ller alltid trevliga events och intressanta talare och ni kan enkelt skriva ut fribiljetter via l\u00e4nken nedan!<\/p>\n\n\n\n<p><a href=\"https:\/\/registration.n200.com\/survey\/1i1kocllq362d?actioncode=NTWO000029VJJ&amp;partner-contact=353wktsh29l91\">Klicka h\u00e4r f\u00f6r att registrera er f\u00f6r fribiljetter\u2026<\/a><\/p>\n\n\n\n<p>Under m\u00e4ssan kommer vi att presentera v\u00e5r nya Byr\u00e5portal. Hantera alla era kunders dokument, kommunikation, r\u00e5dgivning och rapportering p\u00e5 ett st\u00e4lle, med ett inlogg och ert varum\u00e4rke! Bes\u00f6k oss i montern f\u00f6r att f\u00e5 redan p\u00e5 mer.<\/p>\n\n\n\n<p> <\/p>\n\n\n\n<div class=\"wp-block-image\"><figure class=\"aligncenter size-large\"><img loading=\"lazy\" decoding=\"async\" width=\"500\" height=\"263\" src=\"https:\/\/oxceed.com\/wp-content\/uploads\/sites\/23\/2020\/02\/21A91118-596F-1AB2-785D-D8859224468E.jpg\" alt=\"\" class=\"wp-image-1380\" srcset=\"https:\/\/oxceed.com\/no\/wp-content\/uploads\/sites\/23\/2020\/02\/21A91118-596F-1AB2-785D-D8859224468E.jpg 500w, https:\/\/oxceed.com\/no\/wp-content\/uploads\/sites\/23\/2020\/02\/21A91118-596F-1AB2-785D-D8859224468E-300x158.jpg 300w, https:\/\/oxceed.com\/no\/wp-content\/uploads\/sites\/23\/2020\/02\/21A91118-596F-1AB2-785D-D8859224468E-480x252.jpg 480w\" sizes=\"auto, (max-width: 500px) 100vw, 500px\" \/><\/figure><\/div>\n","protected":false},"excerpt":{"rendered":"<p>Den 25 &amp; 26 september f\u00e5r ni g\u00e4rna komma och tr\u00e4ffa oss i monter C:21 p\u00e5 Ekonomi &amp; F\u00f6retagsm\u00e4ssan p\u00e5 Kistam\u00e4ssan i Stockholm. M\u00e4ssan inneh\u00e5ller alltid trevliga events och intressanta talare och ni kan enkelt skriva ut fribiljetter via l\u00e4nken nedan! Klicka h\u00e4r f\u00f6r att registrera er f\u00f6r fribiljetter\u2026 Under m\u00e4ssan kommer vi att presentera [&hellip;]<\/p>\n","protected":false},"author":2,"featured_media":1379,"comment_status":"closed","ping_status":"open","sticky":false,"template":"","format":"standard","meta":{"_acf_changed":false,"_trash_the_other_posts":false,"editor_notices":[],"footnotes":""},"categories":[1372333],"tags":[],"class_list":["post-1378","post","type-post","status-publish","format-standard","has-post-thumbnail","hentry","category-nyheter"],"acf":[],"yoast_head":"<!-- This site is optimized with the Yoast SEO Premium plugin v26.5 (Yoast SEO v27.4) - https:\/\/yoast.com\/product\/yoast-seo-premium-wordpress\/ -->\n<title>Vi ses p\u00e5 Ekonomi &amp; F\u00f6retagsm\u00e4ssan 2019 - Oxceed Norway<\/title>\n<meta name=\"robots\" content=\"noindex, follow, max-snippet:-1, max-image-preview:large, max-video-preview:-1\" \/>\n<meta property=\"og:locale\" content=\"en_GB\" \/>\n<meta property=\"og:type\" content=\"article\" \/>\n<meta property=\"og:title\" content=\"Vi ses p\u00e5 Ekonomi &amp; F\u00f6retagsm\u00e4ssan 2019\" \/>\n<meta property=\"og:description\" content=\"Den 25 &amp; 26 september f\u00e5r ni g\u00e4rna komma och tr\u00e4ffa oss i monter C:21 p\u00e5 Ekonomi &amp; F\u00f6retagsm\u00e4ssan p\u00e5 Kistam\u00e4ssan i Stockholm. M\u00e4ssan inneh\u00e5ller alltid trevliga events och intressanta talare och ni kan enkelt skriva ut fribiljetter via l\u00e4nken nedan! Klicka h\u00e4r f\u00f6r att registrera er f\u00f6r fribiljetter\u2026 Under m\u00e4ssan kommer vi att presentera [&hellip;]\" \/>\n<meta property=\"og:url\" content=\"https:\/\/oxceed.com\/no\/nyheter\/ekonomi-foretagsmassan-2019\/\" \/>\n<meta property=\"og:site_name\" content=\"Oxceed Norway\" \/>\n<meta property=\"article:published_time\" content=\"2019-08-21T11:33:11+00:00\" \/>\n<meta property=\"article:modified_time\" content=\"2020-02-04T12:40:17+00:00\" \/>\n<meta property=\"og:image\" content=\"https:\/\/oxceed.com\/no\/wp-content\/uploads\/sites\/23\/2020\/02\/party-glass-architecture-windows-34092.jpg\" \/>\n\t<meta property=\"og:image:width\" content=\"1280\" \/>\n\t<meta property=\"og:image:height\" content=\"853\" \/>\n\t<meta property=\"og:image:type\" content=\"image\/jpeg\" \/>\n<meta name=\"author\" content=\"Martin Ericson\" \/>\n<meta name=\"twitter:card\" content=\"summary_large_image\" \/>\n<meta name=\"twitter:label1\" content=\"Written by\" \/>\n\t<meta name=\"twitter:data1\" content=\"Martin Ericson\" \/>\n\t<meta name=\"twitter:label2\" content=\"Estimated reading time\" \/>\n\t<meta name=\"twitter:data2\" content=\"1 minute\" \/>\n<script type=\"application\/ld+json\" class=\"yoast-schema-graph\">{\"@context\":\"https:\\\/\\\/schema.org\",\"@graph\":[{\"@type\":\"Article\",\"@id\":\"https:\\\/\\\/oxceed.com\\\/no\\\/nyheter\\\/ekonomi-foretagsmassan-2019\\\/#article\",\"isPartOf\":{\"@id\":\"https:\\\/\\\/oxceed.com\\\/no\\\/nyheter\\\/ekonomi-foretagsmassan-2019\\\/\"},\"author\":{\"name\":\"Martin Ericson\",\"@id\":\"https:\\\/\\\/oxceed.com\\\/no\\\/#\\\/schema\\\/person\\\/b3e874d2e6116d756ef2aecb506e8880\"},\"headline\":\"Vi ses p\u00e5 Ekonomi &#038; F\u00f6retagsm\u00e4ssan 2019\",\"datePublished\":\"2019-08-21T11:33:11+00:00\",\"dateModified\":\"2020-02-04T12:40:17+00:00\",\"mainEntityOfPage\":{\"@id\":\"https:\\\/\\\/oxceed.com\\\/no\\\/nyheter\\\/ekonomi-foretagsmassan-2019\\\/\"},\"wordCount\":111,\"image\":{\"@id\":\"https:\\\/\\\/oxceed.com\\\/no\\\/nyheter\\\/ekonomi-foretagsmassan-2019\\\/#primaryimage\"},\"thumbnailUrl\":\"https:\\\/\\\/oxceed.com\\\/no\\\/wp-content\\\/uploads\\\/sites\\\/23\\\/2020\\\/02\\\/party-glass-architecture-windows-34092.jpg\",\"articleSection\":[\"Nyheter\"],\"inLanguage\":\"en-GB\"},{\"@type\":\"WebPage\",\"@id\":\"https:\\\/\\\/oxceed.com\\\/no\\\/nyheter\\\/ekonomi-foretagsmassan-2019\\\/\",\"url\":\"https:\\\/\\\/oxceed.com\\\/no\\\/nyheter\\\/ekonomi-foretagsmassan-2019\\\/\",\"name\":\"Vi ses p\u00e5 Ekonomi & F\u00f6retagsm\u00e4ssan 2019 - Oxceed Norway\",\"isPartOf\":{\"@id\":\"https:\\\/\\\/oxceed.com\\\/no\\\/#website\"},\"primaryImageOfPage\":{\"@id\":\"https:\\\/\\\/oxceed.com\\\/no\\\/nyheter\\\/ekonomi-foretagsmassan-2019\\\/#primaryimage\"},\"image\":{\"@id\":\"https:\\\/\\\/oxceed.com\\\/no\\\/nyheter\\\/ekonomi-foretagsmassan-2019\\\/#primaryimage\"},\"thumbnailUrl\":\"https:\\\/\\\/oxceed.com\\\/no\\\/wp-content\\\/uploads\\\/sites\\\/23\\\/2020\\\/02\\\/party-glass-architecture-windows-34092.jpg\",\"datePublished\":\"2019-08-21T11:33:11+00:00\",\"dateModified\":\"2020-02-04T12:40:17+00:00\",\"author\":{\"@id\":\"https:\\\/\\\/oxceed.com\\\/no\\\/#\\\/schema\\\/person\\\/b3e874d2e6116d756ef2aecb506e8880\"},\"breadcrumb\":{\"@id\":\"https:\\\/\\\/oxceed.com\\\/no\\\/nyheter\\\/ekonomi-foretagsmassan-2019\\\/#breadcrumb\"},\"inLanguage\":\"en-GB\",\"potentialAction\":[{\"@type\":\"ReadAction\",\"target\":[\"https:\\\/\\\/oxceed.com\\\/no\\\/nyheter\\\/ekonomi-foretagsmassan-2019\\\/\"]}]},{\"@type\":\"ImageObject\",\"inLanguage\":\"en-GB\",\"@id\":\"https:\\\/\\\/oxceed.com\\\/no\\\/nyheter\\\/ekonomi-foretagsmassan-2019\\\/#primaryimage\",\"url\":\"https:\\\/\\\/oxceed.com\\\/no\\\/wp-content\\\/uploads\\\/sites\\\/23\\\/2020\\\/02\\\/party-glass-architecture-windows-34092.jpg\",\"contentUrl\":\"https:\\\/\\\/oxceed.com\\\/no\\\/wp-content\\\/uploads\\\/sites\\\/23\\\/2020\\\/02\\\/party-glass-architecture-windows-34092.jpg\",\"width\":1280,\"height\":853,\"caption\":\"Oxceed Ekonomi F\u00f6retag Kista Stockholm\"},{\"@type\":\"BreadcrumbList\",\"@id\":\"https:\\\/\\\/oxceed.com\\\/no\\\/nyheter\\\/ekonomi-foretagsmassan-2019\\\/#breadcrumb\",\"itemListElement\":[{\"@type\":\"ListItem\",\"position\":1,\"name\":\"Home\",\"item\":\"https:\\\/\\\/oxceed.com\\\/no\\\/\"},{\"@type\":\"ListItem\",\"position\":2,\"name\":\"Vi ses p\u00e5 Ekonomi &#038; F\u00f6retagsm\u00e4ssan 2019\"}]},{\"@type\":\"WebSite\",\"@id\":\"https:\\\/\\\/oxceed.com\\\/no\\\/#website\",\"url\":\"https:\\\/\\\/oxceed.com\\\/no\\\/\",\"name\":\"Oxceed Norway\",\"description\":\"Fatta b\u00e4ttre beslut med Oxceed\",\"potentialAction\":[{\"@type\":\"SearchAction\",\"target\":{\"@type\":\"EntryPoint\",\"urlTemplate\":\"https:\\\/\\\/oxceed.com\\\/no\\\/?s={search_term_string}\"},\"query-input\":{\"@type\":\"PropertyValueSpecification\",\"valueRequired\":true,\"valueName\":\"search_term_string\"}}],\"inLanguage\":\"en-GB\"},{\"@type\":\"Person\",\"@id\":\"https:\\\/\\\/oxceed.com\\\/no\\\/#\\\/schema\\\/person\\\/b3e874d2e6116d756ef2aecb506e8880\",\"name\":\"Martin Ericson\",\"image\":{\"@type\":\"ImageObject\",\"inLanguage\":\"en-GB\",\"@id\":\"https:\\\/\\\/secure.gravatar.com\\\/avatar\\\/176e21de61385d9ffc7eefd75788ccd94753d7352703cc12f102b743159c03c2?s=96&d=identicon&r=g\",\"url\":\"https:\\\/\\\/secure.gravatar.com\\\/avatar\\\/176e21de61385d9ffc7eefd75788ccd94753d7352703cc12f102b743159c03c2?s=96&d=identicon&r=g\",\"contentUrl\":\"https:\\\/\\\/secure.gravatar.com\\\/avatar\\\/176e21de61385d9ffc7eefd75788ccd94753d7352703cc12f102b743159c03c2?s=96&d=identicon&r=g\",\"caption\":\"Martin Ericson\"}}]}<\/script>\n<!-- \/ Yoast SEO Premium plugin. -->","yoast_head_json":{"title":"Vi ses p\u00e5 Ekonomi & F\u00f6retagsm\u00e4ssan 2019 - Oxceed Norway","robots":{"index":"noindex","follow":"follow","max-snippet":"max-snippet:-1","max-image-preview":"max-image-preview:large","max-video-preview":"max-video-preview:-1"},"og_locale":"en_GB","og_type":"article","og_title":"Vi ses p\u00e5 Ekonomi & F\u00f6retagsm\u00e4ssan 2019","og_description":"Den 25 &amp; 26 september f\u00e5r ni g\u00e4rna komma och tr\u00e4ffa oss i monter C:21 p\u00e5 Ekonomi &amp; F\u00f6retagsm\u00e4ssan p\u00e5 Kistam\u00e4ssan i Stockholm. M\u00e4ssan inneh\u00e5ller alltid trevliga events och intressanta talare och ni kan enkelt skriva ut fribiljetter via l\u00e4nken nedan! Klicka h\u00e4r f\u00f6r att registrera er f\u00f6r fribiljetter\u2026 Under m\u00e4ssan kommer vi att presentera [&hellip;]","og_url":"https:\/\/oxceed.com\/no\/nyheter\/ekonomi-foretagsmassan-2019\/","og_site_name":"Oxceed Norway","article_published_time":"2019-08-21T11:33:11+00:00","article_modified_time":"2020-02-04T12:40:17+00:00","og_image":[{"width":1280,"height":853,"url":"https:\/\/oxceed.com\/no\/wp-content\/uploads\/sites\/23\/2020\/02\/party-glass-architecture-windows-34092.jpg","type":"image\/jpeg"}],"author":"Martin Ericson","twitter_card":"summary_large_image","twitter_misc":{"Written by":"Martin Ericson","Estimated reading time":"1 minute"},"schema":{"@context":"https:\/\/schema.org","@graph":[{"@type":"Article","@id":"https:\/\/oxceed.com\/no\/nyheter\/ekonomi-foretagsmassan-2019\/#article","isPartOf":{"@id":"https:\/\/oxceed.com\/no\/nyheter\/ekonomi-foretagsmassan-2019\/"},"author":{"name":"Martin Ericson","@id":"https:\/\/oxceed.com\/no\/#\/schema\/person\/b3e874d2e6116d756ef2aecb506e8880"},"headline":"Vi ses p\u00e5 Ekonomi &#038; F\u00f6retagsm\u00e4ssan 2019","datePublished":"2019-08-21T11:33:11+00:00","dateModified":"2020-02-04T12:40:17+00:00","mainEntityOfPage":{"@id":"https:\/\/oxceed.com\/no\/nyheter\/ekonomi-foretagsmassan-2019\/"},"wordCount":111,"image":{"@id":"https:\/\/oxceed.com\/no\/nyheter\/ekonomi-foretagsmassan-2019\/#primaryimage"},"thumbnailUrl":"https:\/\/oxceed.com\/no\/wp-content\/uploads\/sites\/23\/2020\/02\/party-glass-architecture-windows-34092.jpg","articleSection":["Nyheter"],"inLanguage":"en-GB"},{"@type":"WebPage","@id":"https:\/\/oxceed.com\/no\/nyheter\/ekonomi-foretagsmassan-2019\/","url":"https:\/\/oxceed.com\/no\/nyheter\/ekonomi-foretagsmassan-2019\/","name":"Vi ses p\u00e5 Ekonomi & F\u00f6retagsm\u00e4ssan 2019 - Oxceed Norway","isPartOf":{"@id":"https:\/\/oxceed.com\/no\/#website"},"primaryImageOfPage":{"@id":"https:\/\/oxceed.com\/no\/nyheter\/ekonomi-foretagsmassan-2019\/#primaryimage"},"image":{"@id":"https:\/\/oxceed.com\/no\/nyheter\/ekonomi-foretagsmassan-2019\/#primaryimage"},"thumbnailUrl":"https:\/\/oxceed.com\/no\/wp-content\/uploads\/sites\/23\/2020\/02\/party-glass-architecture-windows-34092.jpg","datePublished":"2019-08-21T11:33:11+00:00","dateModified":"2020-02-04T12:40:17+00:00","author":{"@id":"https:\/\/oxceed.com\/no\/#\/schema\/person\/b3e874d2e6116d756ef2aecb506e8880"},"breadcrumb":{"@id":"https:\/\/oxceed.com\/no\/nyheter\/ekonomi-foretagsmassan-2019\/#breadcrumb"},"inLanguage":"en-GB","potentialAction":[{"@type":"ReadAction","target":["https:\/\/oxceed.com\/no\/nyheter\/ekonomi-foretagsmassan-2019\/"]}]},{"@type":"ImageObject","inLanguage":"en-GB","@id":"https:\/\/oxceed.com\/no\/nyheter\/ekonomi-foretagsmassan-2019\/#primaryimage","url":"https:\/\/oxceed.com\/no\/wp-content\/uploads\/sites\/23\/2020\/02\/party-glass-architecture-windows-34092.jpg","contentUrl":"https:\/\/oxceed.com\/no\/wp-content\/uploads\/sites\/23\/2020\/02\/party-glass-architecture-windows-34092.jpg","width":1280,"height":853,"caption":"Oxceed Ekonomi F\u00f6retag Kista Stockholm"},{"@type":"BreadcrumbList","@id":"https:\/\/oxceed.com\/no\/nyheter\/ekonomi-foretagsmassan-2019\/#breadcrumb","itemListElement":[{"@type":"ListItem","position":1,"name":"Home","item":"https:\/\/oxceed.com\/no\/"},{"@type":"ListItem","position":2,"name":"Vi ses p\u00e5 Ekonomi &#038; F\u00f6retagsm\u00e4ssan 2019"}]},{"@type":"WebSite","@id":"https:\/\/oxceed.com\/no\/#website","url":"https:\/\/oxceed.com\/no\/","name":"Oxceed Norway","description":"Fatta b\u00e4ttre beslut med Oxceed","potentialAction":[{"@type":"SearchAction","target":{"@type":"EntryPoint","urlTemplate":"https:\/\/oxceed.com\/no\/?s={search_term_string}"},"query-input":{"@type":"PropertyValueSpecification","valueRequired":true,"valueName":"search_term_string"}}],"inLanguage":"en-GB"},{"@type":"Person","@id":"https:\/\/oxceed.com\/no\/#\/schema\/person\/b3e874d2e6116d756ef2aecb506e8880","name":"Martin Ericson","image":{"@type":"ImageObject","inLanguage":"en-GB","@id":"https:\/\/secure.gravatar.com\/avatar\/176e21de61385d9ffc7eefd75788ccd94753d7352703cc12f102b743159c03c2?s=96&d=identicon&r=g","url":"https:\/\/secure.gravatar.com\/avatar\/176e21de61385d9ffc7eefd75788ccd94753d7352703cc12f102b743159c03c2?s=96&d=identicon&r=g","contentUrl":"https:\/\/secure.gravatar.com\/avatar\/176e21de61385d9ffc7eefd75788ccd94753d7352703cc12f102b743159c03c2?s=96&d=identicon&r=g","caption":"Martin Ericson"}}]}},"_links":{"self":[{"href":"https:\/\/oxceed.com\/no\/wp-json\/wp\/v2\/posts\/1378","targetHints":{"allow":["GET"]}}],"collection":[{"href":"https:\/\/oxceed.com\/no\/wp-json\/wp\/v2\/posts"}],"about":[{"href":"https:\/\/oxceed.com\/no\/wp-json\/wp\/v2\/types\/post"}],"author":[{"embeddable":true,"href":"https:\/\/oxceed.com\/no\/wp-json\/wp\/v2\/users\/2"}],"replies":[{"embeddable":true,"href":"https:\/\/oxceed.com\/no\/wp-json\/wp\/v2\/comments?post=1378"}],"version-history":[{"count":0,"href":"https:\/\/oxceed.com\/no\/wp-json\/wp\/v2\/posts\/1378\/revisions"}],"wp:featuredmedia":[{"embeddable":true,"href":"https:\/\/oxceed.com\/no\/wp-json\/wp\/v2\/media\/1379"}],"wp:attachment":[{"href":"https:\/\/oxceed.com\/no\/wp-json\/wp\/v2\/media?parent=1378"}],"wp:term":[{"taxonomy":"category","embeddable":true,"href":"https:\/\/oxceed.com\/no\/wp-json\/wp\/v2\/categories?post=1378"},{"taxonomy":"post_tag","embeddable":true,"href":"https:\/\/oxceed.com\/no\/wp-json\/wp\/v2\/tags?post=1378"}],"curies":[{"name":"wp","href":"https:\/\/api.w.org\/{rel}","templated":true}]}}