{"id":6033,"date":"2020-08-24T11:59:57","date_gmt":"2020-08-24T09:59:57","guid":{"rendered":"https:\/\/oxceed.com\/?p=6033"},"modified":"2021-10-13T10:28:58","modified_gmt":"2021-10-13T08:28:58","slug":"oxceed-inleder-strategiskt-samarbete-med-seb","status":"publish","type":"post","link":"https:\/\/oxceed.com\/no\/nyheter\/oxceed-inleder-strategiskt-samarbete-med-seb\/","title":{"rendered":"Oxceed inleder strategiskt samarbete med SEB"},"content":{"rendered":"\n<h4 class=\"wp-block-heading\">Fintech-bolaget Oxceed och SEB inleder ett strategiskt samarbete. SEB g\u00e5r samtidigt in som del\u00e4gare i Oxceed.<\/h4>\n\n\n\n<p>Oxceed erbjuder en molnbaserad tj\u00e4nst som ger sm\u00e5 och medelstora f\u00f6retag b\u00e4ttre \u00f6verblick \u00f6ver sin ekonomi och g\u00f6r det enkelt att skapa finansiella rapporter och beslutsunderlag. Genom att integrera Oxceed med sitt aff\u00e4rssystem kan f\u00f6retag visualisera och analysera aktuella bokf\u00f6ringsdata i realtid.<\/p>\n\n\n\n<p>Tillsammans kommer Oxceed och SEB nu att bygga vidare p\u00e5 Oxceeds smarta l\u00f6sningar f\u00f6r SME-segmentet med m\u00e5let att erbjuda SEB:s kunder tillg\u00e5ng till tj\u00e4nsten.<\/p>\n\n\n\n<p>&#8211; Oxceeds tj\u00e4nst svarar direkt mot ett behov som ligger i topp p\u00e5 \u00f6nskelistan i v\u00e5ra kundunders\u00f6kningar inom SME-segmentet: \u00f6versikt och kontroll \u00f6ver f\u00f6retagets ekonomi. Tillsammans med Oxceed vill vi hj\u00e4lpa v\u00e5ra kunder att b\u00e5de skapa trygghet och generera nya insikter, s\u00e4ger <strong>Sharona Gessler<\/strong>, Head of Business Development, Corporate Market, p\u00e5 SEB.<\/p>\n\n\n\n<p>&#8211; Vi \u00e4r glada och stolta att ing\u00e5 det h\u00e4r samarbetet med Sveriges ledande aff\u00e4rsbank. Att SEB har j\u00e4mf\u00f6rt oss med flera motsvarande akt\u00f6rer p\u00e5 den nordiska marknaden och kommit fram till att Oxceed \u00e4r det b\u00e4sta alternativet f\u00f6r SME-segmentet visar p\u00e5 styrkan och kvaliteten i v\u00e5r mjukvaruplattform. Samarbetet kommer att ge oss de r\u00e4tta f\u00f6ruts\u00e4ttningarna f\u00f6r att kunna f\u00f6rb\u00e4ttra v\u00e5r tj\u00e4nst \u00e4nnu mer fram\u00f6ver, s\u00e4ger <strong>Stefan Str\u00f6m<\/strong>, styrelseordf\u00f6rande Oxceed AB.<\/p>\n\n\n\n<p>F\u00f6r SEB \u00e4r samarbetet en viktig pusselbit n\u00e4r det g\u00e4ller att erbjuda kunderna ett \u00f6ppet ekosystem mellan bank och aff\u00e4rssystem, som \u00e4r s\u00e5 vitalt f\u00f6r f\u00f6retags m\u00f6jlighet att skapa \u00f6verblick och kontroll. SEB Venture Capital g\u00e5r in som del\u00e4gare i Oxceed.<\/p>\n\n\n\n<p>&#8211; Med denna investering tar vi ett kliv in i en bransch som vi tror kommer att v\u00e4xa starkt under kommande \u00e5r. Vi \u00e4r \u00f6vertygade om att molnbaserade Business Intelligence-tj\u00e4nster \u00e4nnu endast \u00e4r i sin linda vad g\u00e4ller SME-segmentet. Det ska bli sp\u00e4nnande att arbeta tillsammans med aff\u00e4ren och Oxceed f\u00f6r att bygga vidare p\u00e5 en redan stark tj\u00e4nsteportf\u00f6lj, s\u00e4ger <strong>Fredrik Ljungblad<\/strong>, som ansvarar f\u00f6r investeringen inom SEB Venture Capital.<\/p>\n\n\n\n<p>F\u00f6r mer information kontakta:<\/p>\n\n\n\n<p><strong>Stefan Str\u00f6m, <\/strong>Styrelseordf\u00f6rande Oxceed<br>070-295 61 60, stefan.strom@oxceed.se<\/p>\n\n\n\n<p><strong>Sharona Gessler, <\/strong>Head of Business Development, Corporate Market, SEB<br>070-666 56 34, sharona.gessler@seb.se<\/p>\n\n\n\n<p><strong>Fredrik Ljungblad, <\/strong>SEB Venture Capital<br>070-673 98 96, <a href=\"mailto:fredrik.ljungblad@seb.se\">fredrik.ljungblad@seb.se<\/a><\/p>\n\n\n\n<p><a class=\"w-arrow\" href=\"https:\/\/oxceed.com\/wp-content\/uploads\/sites\/23\/2020\/08\/Pressmeddelande-Oxceed-SEB-20200824.pdf\" target=\"_blank\" rel=\"noopener noreferrer\">Ladda ner pressmeddelande som PDF<\/a><\/p>\n\n\n\n<p><a class=\"w-arrow\" href=\"https:\/\/oxceed.com\/wp-content\/uploads\/sites\/23\/2020\/08\/Stefan-Stro?m.jpg\" target=\"_blank\" rel=\"noopener noreferrer\">Pressbild Stefan Str\u00f6m, Ordf. Oxceed AB<\/a><\/p>\n","protected":false},"excerpt":{"rendered":"<p>Fintech-bolaget Oxceed och SEB inleder ett strategiskt samarbete. SEB g\u00e5r samtidigt in som del\u00e4gare i Oxceed. Oxceed erbjuder en molnbaserad tj\u00e4nst som ger sm\u00e5 och medelstora f\u00f6retag b\u00e4ttre \u00f6verblick \u00f6ver sin ekonomi och g\u00f6r det enkelt att skapa finansiella rapporter och beslutsunderlag. Genom att integrera Oxceed med sitt aff\u00e4rssystem kan f\u00f6retag visualisera och analysera aktuella [&hellip;]<\/p>\n","protected":false},"author":2,"featured_media":6061,"comment_status":"closed","ping_status":"open","sticky":false,"template":"","format":"standard","meta":{"_acf_changed":false,"_trash_the_other_posts":false,"editor_notices":[],"footnotes":""},"categories":[1372333],"tags":[],"class_list":["post-6033","post","type-post","status-publish","format-standard","has-post-thumbnail","hentry","category-nyheter"],"acf":[],"yoast_head":"<!-- This site is optimized with the Yoast SEO Premium plugin v26.5 (Yoast SEO v27.4) - https:\/\/yoast.com\/product\/yoast-seo-premium-wordpress\/ -->\n<title>Oxceed inleder strategiskt samarbete med SEB - Oxceed Norway<\/title>\n<meta name=\"robots\" content=\"noindex, follow, max-snippet:-1, max-image-preview:large, max-video-preview:-1\" \/>\n<meta property=\"og:locale\" content=\"en_GB\" \/>\n<meta property=\"og:type\" content=\"article\" \/>\n<meta property=\"og:title\" content=\"Oxceed inleder strategiskt samarbete med SEB\" \/>\n<meta property=\"og:description\" content=\"Fintech-bolaget Oxceed och SEB inleder ett strategiskt samarbete. SEB g\u00e5r samtidigt in som del\u00e4gare i Oxceed. Oxceed erbjuder en molnbaserad tj\u00e4nst som ger sm\u00e5 och medelstora f\u00f6retag b\u00e4ttre \u00f6verblick \u00f6ver sin ekonomi och g\u00f6r det enkelt att skapa finansiella rapporter och beslutsunderlag. Genom att integrera Oxceed med sitt aff\u00e4rssystem kan f\u00f6retag visualisera och analysera aktuella [&hellip;]\" \/>\n<meta property=\"og:url\" content=\"https:\/\/oxceed.com\/no\/nyheter\/oxceed-inleder-strategiskt-samarbete-med-seb\/\" \/>\n<meta property=\"og:site_name\" content=\"Oxceed Norway\" \/>\n<meta property=\"article:published_time\" content=\"2020-08-24T09:59:57+00:00\" \/>\n<meta property=\"article:modified_time\" content=\"2021-10-13T08:28:58+00:00\" \/>\n<meta property=\"og:image\" content=\"https:\/\/oxceed.com\/no\/wp-content\/uploads\/sites\/23\/2020\/08\/IMG_0031-Light.jpg\" \/>\n\t<meta property=\"og:image:width\" content=\"1280\" \/>\n\t<meta property=\"og:image:height\" content=\"960\" \/>\n\t<meta property=\"og:image:type\" content=\"image\/jpeg\" \/>\n<meta name=\"author\" content=\"Martin Ericson\" \/>\n<meta name=\"twitter:card\" content=\"summary_large_image\" \/>\n<meta name=\"twitter:label1\" content=\"Written by\" \/>\n\t<meta name=\"twitter:data1\" content=\"Martin Ericson\" \/>\n\t<meta name=\"twitter:label2\" content=\"Estimated reading time\" \/>\n\t<meta name=\"twitter:data2\" content=\"2 minutes\" \/>\n<script type=\"application\/ld+json\" class=\"yoast-schema-graph\">{\"@context\":\"https:\\\/\\\/schema.org\",\"@graph\":[{\"@type\":\"Article\",\"@id\":\"https:\\\/\\\/oxceed.com\\\/no\\\/nyheter\\\/oxceed-inleder-strategiskt-samarbete-med-seb\\\/#article\",\"isPartOf\":{\"@id\":\"https:\\\/\\\/oxceed.com\\\/no\\\/nyheter\\\/oxceed-inleder-strategiskt-samarbete-med-seb\\\/\"},\"author\":{\"name\":\"Martin Ericson\",\"@id\":\"https:\\\/\\\/oxceed.com\\\/no\\\/#\\\/schema\\\/person\\\/b3e874d2e6116d756ef2aecb506e8880\"},\"headline\":\"Oxceed inleder strategiskt samarbete med SEB\",\"datePublished\":\"2020-08-24T09:59:57+00:00\",\"dateModified\":\"2021-10-13T08:28:58+00:00\",\"mainEntityOfPage\":{\"@id\":\"https:\\\/\\\/oxceed.com\\\/no\\\/nyheter\\\/oxceed-inleder-strategiskt-samarbete-med-seb\\\/\"},\"wordCount\":436,\"image\":{\"@id\":\"https:\\\/\\\/oxceed.com\\\/no\\\/nyheter\\\/oxceed-inleder-strategiskt-samarbete-med-seb\\\/#primaryimage\"},\"thumbnailUrl\":\"https:\\\/\\\/oxceed.com\\\/no\\\/wp-content\\\/uploads\\\/sites\\\/23\\\/2020\\\/08\\\/IMG_0031-Light.jpg\",\"articleSection\":[\"Nyheter\"],\"inLanguage\":\"en-GB\"},{\"@type\":\"WebPage\",\"@id\":\"https:\\\/\\\/oxceed.com\\\/no\\\/nyheter\\\/oxceed-inleder-strategiskt-samarbete-med-seb\\\/\",\"url\":\"https:\\\/\\\/oxceed.com\\\/no\\\/nyheter\\\/oxceed-inleder-strategiskt-samarbete-med-seb\\\/\",\"name\":\"Oxceed inleder strategiskt samarbete med SEB - Oxceed Norway\",\"isPartOf\":{\"@id\":\"https:\\\/\\\/oxceed.com\\\/no\\\/#website\"},\"primaryImageOfPage\":{\"@id\":\"https:\\\/\\\/oxceed.com\\\/no\\\/nyheter\\\/oxceed-inleder-strategiskt-samarbete-med-seb\\\/#primaryimage\"},\"image\":{\"@id\":\"https:\\\/\\\/oxceed.com\\\/no\\\/nyheter\\\/oxceed-inleder-strategiskt-samarbete-med-seb\\\/#primaryimage\"},\"thumbnailUrl\":\"https:\\\/\\\/oxceed.com\\\/no\\\/wp-content\\\/uploads\\\/sites\\\/23\\\/2020\\\/08\\\/IMG_0031-Light.jpg\",\"datePublished\":\"2020-08-24T09:59:57+00:00\",\"dateModified\":\"2021-10-13T08:28:58+00:00\",\"author\":{\"@id\":\"https:\\\/\\\/oxceed.com\\\/no\\\/#\\\/schema\\\/person\\\/b3e874d2e6116d756ef2aecb506e8880\"},\"breadcrumb\":{\"@id\":\"https:\\\/\\\/oxceed.com\\\/no\\\/nyheter\\\/oxceed-inleder-strategiskt-samarbete-med-seb\\\/#breadcrumb\"},\"inLanguage\":\"en-GB\",\"potentialAction\":[{\"@type\":\"ReadAction\",\"target\":[\"https:\\\/\\\/oxceed.com\\\/no\\\/nyheter\\\/oxceed-inleder-strategiskt-samarbete-med-seb\\\/\"]}]},{\"@type\":\"ImageObject\",\"inLanguage\":\"en-GB\",\"@id\":\"https:\\\/\\\/oxceed.com\\\/no\\\/nyheter\\\/oxceed-inleder-strategiskt-samarbete-med-seb\\\/#primaryimage\",\"url\":\"https:\\\/\\\/oxceed.com\\\/no\\\/wp-content\\\/uploads\\\/sites\\\/23\\\/2020\\\/08\\\/IMG_0031-Light.jpg\",\"contentUrl\":\"https:\\\/\\\/oxceed.com\\\/no\\\/wp-content\\\/uploads\\\/sites\\\/23\\\/2020\\\/08\\\/IMG_0031-Light.jpg\",\"width\":1280,\"height\":960,\"caption\":\"Oxceed inleder strategiskt samarbete med SEB\"},{\"@type\":\"BreadcrumbList\",\"@id\":\"https:\\\/\\\/oxceed.com\\\/no\\\/nyheter\\\/oxceed-inleder-strategiskt-samarbete-med-seb\\\/#breadcrumb\",\"itemListElement\":[{\"@type\":\"ListItem\",\"position\":1,\"name\":\"Home\",\"item\":\"https:\\\/\\\/oxceed.com\\\/no\\\/\"},{\"@type\":\"ListItem\",\"position\":2,\"name\":\"Oxceed inleder strategiskt samarbete med SEB\"}]},{\"@type\":\"WebSite\",\"@id\":\"https:\\\/\\\/oxceed.com\\\/no\\\/#website\",\"url\":\"https:\\\/\\\/oxceed.com\\\/no\\\/\",\"name\":\"Oxceed Norway\",\"description\":\"Fatta b\u00e4ttre beslut med Oxceed\",\"potentialAction\":[{\"@type\":\"SearchAction\",\"target\":{\"@type\":\"EntryPoint\",\"urlTemplate\":\"https:\\\/\\\/oxceed.com\\\/no\\\/?s={search_term_string}\"},\"query-input\":{\"@type\":\"PropertyValueSpecification\",\"valueRequired\":true,\"valueName\":\"search_term_string\"}}],\"inLanguage\":\"en-GB\"},{\"@type\":\"Person\",\"@id\":\"https:\\\/\\\/oxceed.com\\\/no\\\/#\\\/schema\\\/person\\\/b3e874d2e6116d756ef2aecb506e8880\",\"name\":\"Martin Ericson\",\"image\":{\"@type\":\"ImageObject\",\"inLanguage\":\"en-GB\",\"@id\":\"https:\\\/\\\/secure.gravatar.com\\\/avatar\\\/176e21de61385d9ffc7eefd75788ccd94753d7352703cc12f102b743159c03c2?s=96&d=identicon&r=g\",\"url\":\"https:\\\/\\\/secure.gravatar.com\\\/avatar\\\/176e21de61385d9ffc7eefd75788ccd94753d7352703cc12f102b743159c03c2?s=96&d=identicon&r=g\",\"contentUrl\":\"https:\\\/\\\/secure.gravatar.com\\\/avatar\\\/176e21de61385d9ffc7eefd75788ccd94753d7352703cc12f102b743159c03c2?s=96&d=identicon&r=g\",\"caption\":\"Martin Ericson\"}}]}<\/script>\n<!-- \/ Yoast SEO Premium plugin. -->","yoast_head_json":{"title":"Oxceed inleder strategiskt samarbete med SEB - Oxceed Norway","robots":{"index":"noindex","follow":"follow","max-snippet":"max-snippet:-1","max-image-preview":"max-image-preview:large","max-video-preview":"max-video-preview:-1"},"og_locale":"en_GB","og_type":"article","og_title":"Oxceed inleder strategiskt samarbete med SEB","og_description":"Fintech-bolaget Oxceed och SEB inleder ett strategiskt samarbete. SEB g\u00e5r samtidigt in som del\u00e4gare i Oxceed. Oxceed erbjuder en molnbaserad tj\u00e4nst som ger sm\u00e5 och medelstora f\u00f6retag b\u00e4ttre \u00f6verblick \u00f6ver sin ekonomi och g\u00f6r det enkelt att skapa finansiella rapporter och beslutsunderlag. Genom att integrera Oxceed med sitt aff\u00e4rssystem kan f\u00f6retag visualisera och analysera aktuella [&hellip;]","og_url":"https:\/\/oxceed.com\/no\/nyheter\/oxceed-inleder-strategiskt-samarbete-med-seb\/","og_site_name":"Oxceed Norway","article_published_time":"2020-08-24T09:59:57+00:00","article_modified_time":"2021-10-13T08:28:58+00:00","og_image":[{"width":1280,"height":960,"url":"https:\/\/oxceed.com\/no\/wp-content\/uploads\/sites\/23\/2020\/08\/IMG_0031-Light.jpg","type":"image\/jpeg"}],"author":"Martin Ericson","twitter_card":"summary_large_image","twitter_misc":{"Written by":"Martin Ericson","Estimated reading time":"2 minutes"},"schema":{"@context":"https:\/\/schema.org","@graph":[{"@type":"Article","@id":"https:\/\/oxceed.com\/no\/nyheter\/oxceed-inleder-strategiskt-samarbete-med-seb\/#article","isPartOf":{"@id":"https:\/\/oxceed.com\/no\/nyheter\/oxceed-inleder-strategiskt-samarbete-med-seb\/"},"author":{"name":"Martin Ericson","@id":"https:\/\/oxceed.com\/no\/#\/schema\/person\/b3e874d2e6116d756ef2aecb506e8880"},"headline":"Oxceed inleder strategiskt samarbete med SEB","datePublished":"2020-08-24T09:59:57+00:00","dateModified":"2021-10-13T08:28:58+00:00","mainEntityOfPage":{"@id":"https:\/\/oxceed.com\/no\/nyheter\/oxceed-inleder-strategiskt-samarbete-med-seb\/"},"wordCount":436,"image":{"@id":"https:\/\/oxceed.com\/no\/nyheter\/oxceed-inleder-strategiskt-samarbete-med-seb\/#primaryimage"},"thumbnailUrl":"https:\/\/oxceed.com\/no\/wp-content\/uploads\/sites\/23\/2020\/08\/IMG_0031-Light.jpg","articleSection":["Nyheter"],"inLanguage":"en-GB"},{"@type":"WebPage","@id":"https:\/\/oxceed.com\/no\/nyheter\/oxceed-inleder-strategiskt-samarbete-med-seb\/","url":"https:\/\/oxceed.com\/no\/nyheter\/oxceed-inleder-strategiskt-samarbete-med-seb\/","name":"Oxceed inleder strategiskt samarbete med SEB - Oxceed Norway","isPartOf":{"@id":"https:\/\/oxceed.com\/no\/#website"},"primaryImageOfPage":{"@id":"https:\/\/oxceed.com\/no\/nyheter\/oxceed-inleder-strategiskt-samarbete-med-seb\/#primaryimage"},"image":{"@id":"https:\/\/oxceed.com\/no\/nyheter\/oxceed-inleder-strategiskt-samarbete-med-seb\/#primaryimage"},"thumbnailUrl":"https:\/\/oxceed.com\/no\/wp-content\/uploads\/sites\/23\/2020\/08\/IMG_0031-Light.jpg","datePublished":"2020-08-24T09:59:57+00:00","dateModified":"2021-10-13T08:28:58+00:00","author":{"@id":"https:\/\/oxceed.com\/no\/#\/schema\/person\/b3e874d2e6116d756ef2aecb506e8880"},"breadcrumb":{"@id":"https:\/\/oxceed.com\/no\/nyheter\/oxceed-inleder-strategiskt-samarbete-med-seb\/#breadcrumb"},"inLanguage":"en-GB","potentialAction":[{"@type":"ReadAction","target":["https:\/\/oxceed.com\/no\/nyheter\/oxceed-inleder-strategiskt-samarbete-med-seb\/"]}]},{"@type":"ImageObject","inLanguage":"en-GB","@id":"https:\/\/oxceed.com\/no\/nyheter\/oxceed-inleder-strategiskt-samarbete-med-seb\/#primaryimage","url":"https:\/\/oxceed.com\/no\/wp-content\/uploads\/sites\/23\/2020\/08\/IMG_0031-Light.jpg","contentUrl":"https:\/\/oxceed.com\/no\/wp-content\/uploads\/sites\/23\/2020\/08\/IMG_0031-Light.jpg","width":1280,"height":960,"caption":"Oxceed inleder strategiskt samarbete med SEB"},{"@type":"BreadcrumbList","@id":"https:\/\/oxceed.com\/no\/nyheter\/oxceed-inleder-strategiskt-samarbete-med-seb\/#breadcrumb","itemListElement":[{"@type":"ListItem","position":1,"name":"Home","item":"https:\/\/oxceed.com\/no\/"},{"@type":"ListItem","position":2,"name":"Oxceed inleder strategiskt samarbete med SEB"}]},{"@type":"WebSite","@id":"https:\/\/oxceed.com\/no\/#website","url":"https:\/\/oxceed.com\/no\/","name":"Oxceed Norway","description":"Fatta b\u00e4ttre beslut med Oxceed","potentialAction":[{"@type":"SearchAction","target":{"@type":"EntryPoint","urlTemplate":"https:\/\/oxceed.com\/no\/?s={search_term_string}"},"query-input":{"@type":"PropertyValueSpecification","valueRequired":true,"valueName":"search_term_string"}}],"inLanguage":"en-GB"},{"@type":"Person","@id":"https:\/\/oxceed.com\/no\/#\/schema\/person\/b3e874d2e6116d756ef2aecb506e8880","name":"Martin Ericson","image":{"@type":"ImageObject","inLanguage":"en-GB","@id":"https:\/\/secure.gravatar.com\/avatar\/176e21de61385d9ffc7eefd75788ccd94753d7352703cc12f102b743159c03c2?s=96&d=identicon&r=g","url":"https:\/\/secure.gravatar.com\/avatar\/176e21de61385d9ffc7eefd75788ccd94753d7352703cc12f102b743159c03c2?s=96&d=identicon&r=g","contentUrl":"https:\/\/secure.gravatar.com\/avatar\/176e21de61385d9ffc7eefd75788ccd94753d7352703cc12f102b743159c03c2?s=96&d=identicon&r=g","caption":"Martin Ericson"}}]}},"_links":{"self":[{"href":"https:\/\/oxceed.com\/no\/wp-json\/wp\/v2\/posts\/6033","targetHints":{"allow":["GET"]}}],"collection":[{"href":"https:\/\/oxceed.com\/no\/wp-json\/wp\/v2\/posts"}],"about":[{"href":"https:\/\/oxceed.com\/no\/wp-json\/wp\/v2\/types\/post"}],"author":[{"embeddable":true,"href":"https:\/\/oxceed.com\/no\/wp-json\/wp\/v2\/users\/2"}],"replies":[{"embeddable":true,"href":"https:\/\/oxceed.com\/no\/wp-json\/wp\/v2\/comments?post=6033"}],"version-history":[{"count":15,"href":"https:\/\/oxceed.com\/no\/wp-json\/wp\/v2\/posts\/6033\/revisions"}],"predecessor-version":[{"id":15225,"href":"https:\/\/oxceed.com\/no\/wp-json\/wp\/v2\/posts\/6033\/revisions\/15225"}],"wp:featuredmedia":[{"embeddable":true,"href":"https:\/\/oxceed.com\/no\/wp-json\/wp\/v2\/media\/6061"}],"wp:attachment":[{"href":"https:\/\/oxceed.com\/no\/wp-json\/wp\/v2\/media?parent=6033"}],"wp:term":[{"taxonomy":"category","embeddable":true,"href":"https:\/\/oxceed.com\/no\/wp-json\/wp\/v2\/categories?post=6033"},{"taxonomy":"post_tag","embeddable":true,"href":"https:\/\/oxceed.com\/no\/wp-json\/wp\/v2\/tags?post=6033"}],"curies":[{"name":"wp","href":"https:\/\/api.w.org\/{rel}","templated":true}]}}