{"id":9000,"date":"2021-02-01T11:46:25","date_gmt":"2021-02-01T10:46:25","guid":{"rendered":"https:\/\/oxceed.com\/?p=9000"},"modified":"2021-10-13T10:24:35","modified_gmt":"2021-10-13T08:24:35","slug":"oxceed-valkomnar-elif-schmidt-som-ny-vd","status":"publish","type":"post","link":"https:\/\/oxceed.com\/no\/nyheter\/oxceed-valkomnar-elif-schmidt-som-ny-vd\/","title":{"rendered":"Oxceed v\u00e4lkomnar Elif Schmidt som ny VD"},"content":{"rendered":"\n<p><strong>Oxceed rustar upp f\u00f6r fortsatt tillv\u00e4xt 2021 genom att rekrytera ny VD fr\u00e5n telekom. SaaS-plattformen ska bli det sj\u00e4lvklara valet f\u00f6r alla f\u00f6retag som vill ha koll p\u00e5 sin ekonomi.<\/strong><\/p>\n\n\n\n<p>Efter ett framg\u00e5ngsrikt 2020 rustar Oxceed upp f\u00f6r fortsatt stark tillv\u00e4xt genom att rekrytera Elif Schmidt som ny VD. Elif Schmidt har l\u00e5ng erfarenhet fr\u00e5n telekom och kommer n\u00e4rmast fr\u00e5n tillbeh\u00f6rsdistribut\u00f6ren STRAX. Rekryteringen \u00e4r ett naturligt steg i utvecklingen f\u00f6r fintech-bolaget som under f\u00f6rra \u00e5ret bland annat ingick ett strategiskt samarbete med SEB samtidigt som SEB Venture Capital gick in som del\u00e4gare.<\/p>\n\n\n\n<p>\u201dVi har m\u00e5nga sp\u00e4nnande saker p\u00e5 g\u00e5ng hos oss just nu och 2021 blir kanske v\u00e5rt viktigaste \u00e5r hittills. Vi ser goda m\u00f6jligheter att st\u00e4rka v\u00e5r position ytterligare som modern molntj\u00e4nst f\u00f6r f\u00f6retag som vill ha kontroll p\u00e5 sin ekonomi. D\u00e4rf\u00f6r \u00e4r det ett naturligt steg att vi ocks\u00e5 st\u00e4rker organisationen med en ny VD\u201d, s\u00e4ger Stefan Str\u00f6m, styrelseordf\u00f6rande i Oxceed.<\/p>\n\n\n\n<p>\u201dJag \u00e4r mycket glad och stolt \u00f6ver att v\u00e4lkomna Elif Schmidt som v\u00e5r nya VD. Oxceed g\u00e5r nu in i en ny utvecklingsfas och jag \u00e4r helt \u00f6vertygad om att Elifs moderna ledarskap, relevanta erfarenhet och driv \u00e4r en garant f\u00f6r att hon tillsammans med v\u00e5ra kompetenta medarbetare kommer att utveckla bolaget i linje med v\u00e5ra h\u00f6gt st\u00e4llda tillv\u00e4xtm\u00e5l\u201d, till\u00e4gger Stefan Str\u00f6m.<\/p>\n\n\n\n<h3 class=\"wp-block-heading\">Trivs b\u00e4st i tillv\u00e4xt<\/h3>\n\n\n\n<p>Elif Schmidt har ett flertal framg\u00e5ngsrika tillv\u00e4xtresor bakom sig hos bland annat Samsung, Hi3G och Brightstar. N\u00e4rmast kommer hon fr\u00e5n rollen som VD p\u00e5 STRAX Nordic AB \u00ad\u2013 dotterbolag till mobiltillbeh\u00f6rskoncernen STRAX AB som har ett flertal egna varum\u00e4rken s\u00e5som Urbanista och internationella licenser f\u00f6r bland annat Adidas, Coca Cola, Hugo Boss och Superdry \u2013 d\u00e4r hon ansvarade f\u00f6r 8 marknader i Norden och Baltikum och dubblade f\u00f6rs\u00e4ljningen p\u00e5 fem \u00e5r.<\/p>\n\n\n\n<p>\u201dJag trivs som b\u00e4st n\u00e4r jag har m\u00f6jlighet att skapa tillv\u00e4xt och mina styrkor ligger framf\u00f6rallt inom f\u00f6rs\u00e4ljning och partnerskap samt ledarskap och att bygga framg\u00e5ngsrika team. Jag s\u00e5g tidigt att Oxceed har en stark produkt som tillf\u00f6r ett tydligt v\u00e4rde och d\u00e4rmed har stor potential f\u00f6r tillv\u00e4xt. Det p\u00e5b\u00f6rjade samarbetet med SEB gjorde det givetvis ocks\u00e5 extra intressant och var som ett sorts kvalitetsst\u00e4mpel och bevis p\u00e5 att det \u00e4r ett gediget f\u00f6retag. Jag fick ett otroligt bra intryck av styrelsen och grundarna\u201d, s\u00e4ger Elif Schmidt.<\/p>\n\n\n\n<p>Hon har siktet h\u00f6gt st\u00e4llt f\u00f6r bolagets framtid och den l\u00e5ngsiktiga m\u00e5ls\u00e4ttningen \u00e4r att Oxceed ska ses som ett sj\u00e4lvklart verktyg n\u00e4r man driver f\u00f6retag.<\/p>\n\n\n\n<p>\u201dMed den produkt vi har i grunden och den position vi har p\u00e5 marknaden, d\u00e4r vi tillfredsst\u00e4ller ett behov som stadigt v\u00e4xer, ser jag en stor potential i att utveckla tj\u00e4nsten till ett m\u00e5ste f\u00f6r alla moderna f\u00f6retag som vill ha en god \u00f6verblick \u00f6ver sin finansiella situation och vill kunna fatta b\u00e4ttre beslut. Min ambition \u00e4r att ta Oxceed p\u00e5 en tillv\u00e4xtresa och p\u00e5 sikt expandera inom fler kategorier och marknader\u201d, s\u00e4ger Elif Schmidt.<\/p>\n\n\n\n<h3 class=\"wp-block-heading\">Gedigen bakgrund inom telekom<\/h3>\n\n\n\n<p>Elif Schmidt b\u00f6rjade sin karri\u00e4r inom telekom 2004 d\u00e5 hon b\u00f6rjade hos Samsung i Stockholm. Hon gick sedan vidare till mobiloperat\u00f6ren Hi3G (mer k\u00e4nd som \u201dTre\u201d) i London med ansvar f\u00f6r partnerskap och integrationer med sociala n\u00e4tverk, och l\u00e5g bland annat bakom Facebooks f\u00f6rsta globala integration med en mobiloperat\u00f6r.<\/p>\n\n\n\n<p>Efter tv\u00e5 \u00e5r i London flyttade hon tillbaka till Stockholm \u00e5r 2009 och har sedan dess haft ledande positioner inom telekom. F\u00f6rst som aff\u00e4rsomr\u00e5desdirekt\u00f6r p\u00e5 Brightstar, global akt\u00f6r med ett brett spektrum av tj\u00e4nster fr\u00e5n distribution till \u00e5tervinning och f\u00f6rs\u00e4kringar inom telekom. De senaste fem \u00e5ren var hon VD p\u00e5 STRAX Nordic AB och STRAX Norway AS med ansvar f\u00f6r totalt 8 marknader i Norden och Baltikum.<\/p>\n\n\n\n<h3 class=\"wp-block-heading\">Om Oxceed<\/h3>\n\n\n\n<p>Oxceed erbjuder en molnbaserad tj\u00e4nst som ger f\u00f6retag b\u00e4ttre \u00f6verblick \u00f6ver sin ekonomi och g\u00f6r det enkelt att skapa finansiella rapporter och beslutsunderlag. Genom att integrera Oxceed med sitt aff\u00e4rssystem kan f\u00f6retag visualisera och analysera aktuella aktuell bokf\u00f6ringsdata i realtid. Mellan r\u00e4kenskaps\u00e5ren 2018\/19 till 2019\/20 visade f\u00f6retaget en tillv\u00e4xt p\u00e5 \u00f6ver 400 procent. Bland f\u00f6retagets del\u00e4gare finns, i till\u00e4gg till grundarna, bland annat SEB Venture Capital och Storytel-investeraren Jonas Sj\u00f6gren.<\/p>\n\n\n\n<p>F\u00f6r mer information kontakta:<\/p>\n\n\n\n<p><strong>Stefan Str\u00f6m, <\/strong>Styrelseordf\u00f6rande Oxceed<\/p>\n\n\n\n<p>070-295 61 60, stefan.strom@oxceed.se<\/p>\n\n\n\n<p><strong>Elif Schmidt<\/strong>, VD Oxceed<\/p>\n\n\n\n<p>076-595 55 55, elif.schmidt@oxceed.se<\/p>\n","protected":false},"excerpt":{"rendered":"<p>Oxceed rustar upp f\u00f6r fortsatt tillv\u00e4xt 2021 genom att rekrytera ny VD fr\u00e5n telekom. SaaS-plattformen ska bli det sj\u00e4lvklara valet f\u00f6r alla f\u00f6retag som vill ha koll p\u00e5 sin ekonomi. Efter ett framg\u00e5ngsrikt 2020 rustar Oxceed upp f\u00f6r fortsatt stark tillv\u00e4xt genom att rekrytera Elif Schmidt som ny VD. Elif Schmidt har l\u00e5ng erfarenhet fr\u00e5n [&hellip;]<\/p>\n","protected":false},"author":2,"featured_media":9008,"comment_status":"closed","ping_status":"open","sticky":false,"template":"","format":"standard","meta":{"_acf_changed":false,"_trash_the_other_posts":false,"editor_notices":[],"footnotes":""},"categories":[1372333],"tags":[],"class_list":["post-9000","post","type-post","status-publish","format-standard","has-post-thumbnail","hentry","category-nyheter"],"acf":[],"yoast_head":"<!-- This site is optimized with the Yoast SEO Premium plugin v26.5 (Yoast SEO v27.4) - https:\/\/yoast.com\/product\/yoast-seo-premium-wordpress\/ -->\n<title>Oxceed v\u00e4lkomnar Elif Schmidt som ny VD - Oxceed Norway<\/title>\n<meta name=\"robots\" content=\"noindex, follow, max-snippet:-1, max-image-preview:large, max-video-preview:-1\" \/>\n<meta property=\"og:locale\" content=\"en_GB\" \/>\n<meta property=\"og:type\" content=\"article\" \/>\n<meta property=\"og:title\" content=\"Oxceed v\u00e4lkomnar Elif Schmidt som ny VD\" \/>\n<meta property=\"og:description\" content=\"Oxceed rustar upp f\u00f6r fortsatt tillv\u00e4xt 2021 genom att rekrytera ny VD fr\u00e5n telekom. SaaS-plattformen ska bli det sj\u00e4lvklara valet f\u00f6r alla f\u00f6retag som vill ha koll p\u00e5 sin ekonomi. Efter ett framg\u00e5ngsrikt 2020 rustar Oxceed upp f\u00f6r fortsatt stark tillv\u00e4xt genom att rekrytera Elif Schmidt som ny VD. Elif Schmidt har l\u00e5ng erfarenhet fr\u00e5n [&hellip;]\" \/>\n<meta property=\"og:url\" content=\"https:\/\/oxceed.com\/no\/nyheter\/oxceed-valkomnar-elif-schmidt-som-ny-vd\/\" \/>\n<meta property=\"og:site_name\" content=\"Oxceed Norway\" \/>\n<meta property=\"article:published_time\" content=\"2021-02-01T10:46:25+00:00\" \/>\n<meta property=\"article:modified_time\" content=\"2021-10-13T08:24:35+00:00\" \/>\n<meta property=\"og:image\" content=\"https:\/\/oxceed.com\/no\/wp-content\/uploads\/sites\/23\/2021\/02\/Elif-Schmidt-Foto_Oxceed-AB.jpg\" \/>\n\t<meta property=\"og:image:width\" content=\"1024\" \/>\n\t<meta property=\"og:image:height\" content=\"768\" \/>\n\t<meta property=\"og:image:type\" content=\"image\/jpeg\" \/>\n<meta name=\"author\" content=\"Martin Ericson\" \/>\n<meta name=\"twitter:card\" content=\"summary_large_image\" \/>\n<meta name=\"twitter:label1\" content=\"Written by\" \/>\n\t<meta name=\"twitter:data1\" content=\"Martin Ericson\" \/>\n\t<meta name=\"twitter:label2\" content=\"Estimated reading time\" \/>\n\t<meta name=\"twitter:data2\" content=\"4 minutes\" \/>\n<script type=\"application\/ld+json\" class=\"yoast-schema-graph\">{\"@context\":\"https:\\\/\\\/schema.org\",\"@graph\":[{\"@type\":\"Article\",\"@id\":\"https:\\\/\\\/oxceed.com\\\/no\\\/nyheter\\\/oxceed-valkomnar-elif-schmidt-som-ny-vd\\\/#article\",\"isPartOf\":{\"@id\":\"https:\\\/\\\/oxceed.com\\\/no\\\/nyheter\\\/oxceed-valkomnar-elif-schmidt-som-ny-vd\\\/\"},\"author\":{\"name\":\"Martin Ericson\",\"@id\":\"https:\\\/\\\/oxceed.com\\\/no\\\/#\\\/schema\\\/person\\\/b3e874d2e6116d756ef2aecb506e8880\"},\"headline\":\"Oxceed v\u00e4lkomnar Elif Schmidt som ny VD\",\"datePublished\":\"2021-02-01T10:46:25+00:00\",\"dateModified\":\"2021-10-13T08:24:35+00:00\",\"mainEntityOfPage\":{\"@id\":\"https:\\\/\\\/oxceed.com\\\/no\\\/nyheter\\\/oxceed-valkomnar-elif-schmidt-som-ny-vd\\\/\"},\"wordCount\":825,\"image\":{\"@id\":\"https:\\\/\\\/oxceed.com\\\/no\\\/nyheter\\\/oxceed-valkomnar-elif-schmidt-som-ny-vd\\\/#primaryimage\"},\"thumbnailUrl\":\"https:\\\/\\\/oxceed.com\\\/no\\\/wp-content\\\/uploads\\\/sites\\\/23\\\/2021\\\/02\\\/Elif-Schmidt-Foto_Oxceed-AB.jpg\",\"articleSection\":[\"Nyheter\"],\"inLanguage\":\"en-GB\"},{\"@type\":\"WebPage\",\"@id\":\"https:\\\/\\\/oxceed.com\\\/no\\\/nyheter\\\/oxceed-valkomnar-elif-schmidt-som-ny-vd\\\/\",\"url\":\"https:\\\/\\\/oxceed.com\\\/no\\\/nyheter\\\/oxceed-valkomnar-elif-schmidt-som-ny-vd\\\/\",\"name\":\"Oxceed v\u00e4lkomnar Elif Schmidt som ny VD - Oxceed Norway\",\"isPartOf\":{\"@id\":\"https:\\\/\\\/oxceed.com\\\/no\\\/#website\"},\"primaryImageOfPage\":{\"@id\":\"https:\\\/\\\/oxceed.com\\\/no\\\/nyheter\\\/oxceed-valkomnar-elif-schmidt-som-ny-vd\\\/#primaryimage\"},\"image\":{\"@id\":\"https:\\\/\\\/oxceed.com\\\/no\\\/nyheter\\\/oxceed-valkomnar-elif-schmidt-som-ny-vd\\\/#primaryimage\"},\"thumbnailUrl\":\"https:\\\/\\\/oxceed.com\\\/no\\\/wp-content\\\/uploads\\\/sites\\\/23\\\/2021\\\/02\\\/Elif-Schmidt-Foto_Oxceed-AB.jpg\",\"datePublished\":\"2021-02-01T10:46:25+00:00\",\"dateModified\":\"2021-10-13T08:24:35+00:00\",\"author\":{\"@id\":\"https:\\\/\\\/oxceed.com\\\/no\\\/#\\\/schema\\\/person\\\/b3e874d2e6116d756ef2aecb506e8880\"},\"breadcrumb\":{\"@id\":\"https:\\\/\\\/oxceed.com\\\/no\\\/nyheter\\\/oxceed-valkomnar-elif-schmidt-som-ny-vd\\\/#breadcrumb\"},\"inLanguage\":\"en-GB\",\"potentialAction\":[{\"@type\":\"ReadAction\",\"target\":[\"https:\\\/\\\/oxceed.com\\\/no\\\/nyheter\\\/oxceed-valkomnar-elif-schmidt-som-ny-vd\\\/\"]}]},{\"@type\":\"ImageObject\",\"inLanguage\":\"en-GB\",\"@id\":\"https:\\\/\\\/oxceed.com\\\/no\\\/nyheter\\\/oxceed-valkomnar-elif-schmidt-som-ny-vd\\\/#primaryimage\",\"url\":\"https:\\\/\\\/oxceed.com\\\/no\\\/wp-content\\\/uploads\\\/sites\\\/23\\\/2021\\\/02\\\/Elif-Schmidt-Foto_Oxceed-AB.jpg\",\"contentUrl\":\"https:\\\/\\\/oxceed.com\\\/no\\\/wp-content\\\/uploads\\\/sites\\\/23\\\/2021\\\/02\\\/Elif-Schmidt-Foto_Oxceed-AB.jpg\",\"width\":1024,\"height\":768},{\"@type\":\"BreadcrumbList\",\"@id\":\"https:\\\/\\\/oxceed.com\\\/no\\\/nyheter\\\/oxceed-valkomnar-elif-schmidt-som-ny-vd\\\/#breadcrumb\",\"itemListElement\":[{\"@type\":\"ListItem\",\"position\":1,\"name\":\"Home\",\"item\":\"https:\\\/\\\/oxceed.com\\\/no\\\/\"},{\"@type\":\"ListItem\",\"position\":2,\"name\":\"Oxceed v\u00e4lkomnar Elif Schmidt som ny VD\"}]},{\"@type\":\"WebSite\",\"@id\":\"https:\\\/\\\/oxceed.com\\\/no\\\/#website\",\"url\":\"https:\\\/\\\/oxceed.com\\\/no\\\/\",\"name\":\"Oxceed Norway\",\"description\":\"Fatta b\u00e4ttre beslut med Oxceed\",\"potentialAction\":[{\"@type\":\"SearchAction\",\"target\":{\"@type\":\"EntryPoint\",\"urlTemplate\":\"https:\\\/\\\/oxceed.com\\\/no\\\/?s={search_term_string}\"},\"query-input\":{\"@type\":\"PropertyValueSpecification\",\"valueRequired\":true,\"valueName\":\"search_term_string\"}}],\"inLanguage\":\"en-GB\"},{\"@type\":\"Person\",\"@id\":\"https:\\\/\\\/oxceed.com\\\/no\\\/#\\\/schema\\\/person\\\/b3e874d2e6116d756ef2aecb506e8880\",\"name\":\"Martin Ericson\",\"image\":{\"@type\":\"ImageObject\",\"inLanguage\":\"en-GB\",\"@id\":\"https:\\\/\\\/secure.gravatar.com\\\/avatar\\\/176e21de61385d9ffc7eefd75788ccd94753d7352703cc12f102b743159c03c2?s=96&d=identicon&r=g\",\"url\":\"https:\\\/\\\/secure.gravatar.com\\\/avatar\\\/176e21de61385d9ffc7eefd75788ccd94753d7352703cc12f102b743159c03c2?s=96&d=identicon&r=g\",\"contentUrl\":\"https:\\\/\\\/secure.gravatar.com\\\/avatar\\\/176e21de61385d9ffc7eefd75788ccd94753d7352703cc12f102b743159c03c2?s=96&d=identicon&r=g\",\"caption\":\"Martin Ericson\"}}]}<\/script>\n<!-- \/ Yoast SEO Premium plugin. -->","yoast_head_json":{"title":"Oxceed v\u00e4lkomnar Elif Schmidt som ny VD - Oxceed Norway","robots":{"index":"noindex","follow":"follow","max-snippet":"max-snippet:-1","max-image-preview":"max-image-preview:large","max-video-preview":"max-video-preview:-1"},"og_locale":"en_GB","og_type":"article","og_title":"Oxceed v\u00e4lkomnar Elif Schmidt som ny VD","og_description":"Oxceed rustar upp f\u00f6r fortsatt tillv\u00e4xt 2021 genom att rekrytera ny VD fr\u00e5n telekom. SaaS-plattformen ska bli det sj\u00e4lvklara valet f\u00f6r alla f\u00f6retag som vill ha koll p\u00e5 sin ekonomi. Efter ett framg\u00e5ngsrikt 2020 rustar Oxceed upp f\u00f6r fortsatt stark tillv\u00e4xt genom att rekrytera Elif Schmidt som ny VD. Elif Schmidt har l\u00e5ng erfarenhet fr\u00e5n [&hellip;]","og_url":"https:\/\/oxceed.com\/no\/nyheter\/oxceed-valkomnar-elif-schmidt-som-ny-vd\/","og_site_name":"Oxceed Norway","article_published_time":"2021-02-01T10:46:25+00:00","article_modified_time":"2021-10-13T08:24:35+00:00","og_image":[{"width":1024,"height":768,"url":"https:\/\/oxceed.com\/no\/wp-content\/uploads\/sites\/23\/2021\/02\/Elif-Schmidt-Foto_Oxceed-AB.jpg","type":"image\/jpeg"}],"author":"Martin Ericson","twitter_card":"summary_large_image","twitter_misc":{"Written by":"Martin Ericson","Estimated reading time":"4 minutes"},"schema":{"@context":"https:\/\/schema.org","@graph":[{"@type":"Article","@id":"https:\/\/oxceed.com\/no\/nyheter\/oxceed-valkomnar-elif-schmidt-som-ny-vd\/#article","isPartOf":{"@id":"https:\/\/oxceed.com\/no\/nyheter\/oxceed-valkomnar-elif-schmidt-som-ny-vd\/"},"author":{"name":"Martin Ericson","@id":"https:\/\/oxceed.com\/no\/#\/schema\/person\/b3e874d2e6116d756ef2aecb506e8880"},"headline":"Oxceed v\u00e4lkomnar Elif Schmidt som ny VD","datePublished":"2021-02-01T10:46:25+00:00","dateModified":"2021-10-13T08:24:35+00:00","mainEntityOfPage":{"@id":"https:\/\/oxceed.com\/no\/nyheter\/oxceed-valkomnar-elif-schmidt-som-ny-vd\/"},"wordCount":825,"image":{"@id":"https:\/\/oxceed.com\/no\/nyheter\/oxceed-valkomnar-elif-schmidt-som-ny-vd\/#primaryimage"},"thumbnailUrl":"https:\/\/oxceed.com\/no\/wp-content\/uploads\/sites\/23\/2021\/02\/Elif-Schmidt-Foto_Oxceed-AB.jpg","articleSection":["Nyheter"],"inLanguage":"en-GB"},{"@type":"WebPage","@id":"https:\/\/oxceed.com\/no\/nyheter\/oxceed-valkomnar-elif-schmidt-som-ny-vd\/","url":"https:\/\/oxceed.com\/no\/nyheter\/oxceed-valkomnar-elif-schmidt-som-ny-vd\/","name":"Oxceed v\u00e4lkomnar Elif Schmidt som ny VD - Oxceed Norway","isPartOf":{"@id":"https:\/\/oxceed.com\/no\/#website"},"primaryImageOfPage":{"@id":"https:\/\/oxceed.com\/no\/nyheter\/oxceed-valkomnar-elif-schmidt-som-ny-vd\/#primaryimage"},"image":{"@id":"https:\/\/oxceed.com\/no\/nyheter\/oxceed-valkomnar-elif-schmidt-som-ny-vd\/#primaryimage"},"thumbnailUrl":"https:\/\/oxceed.com\/no\/wp-content\/uploads\/sites\/23\/2021\/02\/Elif-Schmidt-Foto_Oxceed-AB.jpg","datePublished":"2021-02-01T10:46:25+00:00","dateModified":"2021-10-13T08:24:35+00:00","author":{"@id":"https:\/\/oxceed.com\/no\/#\/schema\/person\/b3e874d2e6116d756ef2aecb506e8880"},"breadcrumb":{"@id":"https:\/\/oxceed.com\/no\/nyheter\/oxceed-valkomnar-elif-schmidt-som-ny-vd\/#breadcrumb"},"inLanguage":"en-GB","potentialAction":[{"@type":"ReadAction","target":["https:\/\/oxceed.com\/no\/nyheter\/oxceed-valkomnar-elif-schmidt-som-ny-vd\/"]}]},{"@type":"ImageObject","inLanguage":"en-GB","@id":"https:\/\/oxceed.com\/no\/nyheter\/oxceed-valkomnar-elif-schmidt-som-ny-vd\/#primaryimage","url":"https:\/\/oxceed.com\/no\/wp-content\/uploads\/sites\/23\/2021\/02\/Elif-Schmidt-Foto_Oxceed-AB.jpg","contentUrl":"https:\/\/oxceed.com\/no\/wp-content\/uploads\/sites\/23\/2021\/02\/Elif-Schmidt-Foto_Oxceed-AB.jpg","width":1024,"height":768},{"@type":"BreadcrumbList","@id":"https:\/\/oxceed.com\/no\/nyheter\/oxceed-valkomnar-elif-schmidt-som-ny-vd\/#breadcrumb","itemListElement":[{"@type":"ListItem","position":1,"name":"Home","item":"https:\/\/oxceed.com\/no\/"},{"@type":"ListItem","position":2,"name":"Oxceed v\u00e4lkomnar Elif Schmidt som ny VD"}]},{"@type":"WebSite","@id":"https:\/\/oxceed.com\/no\/#website","url":"https:\/\/oxceed.com\/no\/","name":"Oxceed Norway","description":"Fatta b\u00e4ttre beslut med Oxceed","potentialAction":[{"@type":"SearchAction","target":{"@type":"EntryPoint","urlTemplate":"https:\/\/oxceed.com\/no\/?s={search_term_string}"},"query-input":{"@type":"PropertyValueSpecification","valueRequired":true,"valueName":"search_term_string"}}],"inLanguage":"en-GB"},{"@type":"Person","@id":"https:\/\/oxceed.com\/no\/#\/schema\/person\/b3e874d2e6116d756ef2aecb506e8880","name":"Martin Ericson","image":{"@type":"ImageObject","inLanguage":"en-GB","@id":"https:\/\/secure.gravatar.com\/avatar\/176e21de61385d9ffc7eefd75788ccd94753d7352703cc12f102b743159c03c2?s=96&d=identicon&r=g","url":"https:\/\/secure.gravatar.com\/avatar\/176e21de61385d9ffc7eefd75788ccd94753d7352703cc12f102b743159c03c2?s=96&d=identicon&r=g","contentUrl":"https:\/\/secure.gravatar.com\/avatar\/176e21de61385d9ffc7eefd75788ccd94753d7352703cc12f102b743159c03c2?s=96&d=identicon&r=g","caption":"Martin Ericson"}}]}},"_links":{"self":[{"href":"https:\/\/oxceed.com\/no\/wp-json\/wp\/v2\/posts\/9000","targetHints":{"allow":["GET"]}}],"collection":[{"href":"https:\/\/oxceed.com\/no\/wp-json\/wp\/v2\/posts"}],"about":[{"href":"https:\/\/oxceed.com\/no\/wp-json\/wp\/v2\/types\/post"}],"author":[{"embeddable":true,"href":"https:\/\/oxceed.com\/no\/wp-json\/wp\/v2\/users\/2"}],"replies":[{"embeddable":true,"href":"https:\/\/oxceed.com\/no\/wp-json\/wp\/v2\/comments?post=9000"}],"version-history":[{"count":9,"href":"https:\/\/oxceed.com\/no\/wp-json\/wp\/v2\/posts\/9000\/revisions"}],"predecessor-version":[{"id":15224,"href":"https:\/\/oxceed.com\/no\/wp-json\/wp\/v2\/posts\/9000\/revisions\/15224"}],"wp:featuredmedia":[{"embeddable":true,"href":"https:\/\/oxceed.com\/no\/wp-json\/wp\/v2\/media\/9008"}],"wp:attachment":[{"href":"https:\/\/oxceed.com\/no\/wp-json\/wp\/v2\/media?parent=9000"}],"wp:term":[{"taxonomy":"category","embeddable":true,"href":"https:\/\/oxceed.com\/no\/wp-json\/wp\/v2\/categories?post=9000"},{"taxonomy":"post_tag","embeddable":true,"href":"https:\/\/oxceed.com\/no\/wp-json\/wp\/v2\/tags?post=9000"}],"curies":[{"name":"wp","href":"https:\/\/api.w.org\/{rel}","templated":true}]}}