{"id":15770,"date":"2021-10-20T23:41:36","date_gmt":"2021-10-20T21:41:36","guid":{"rendered":"https:\/\/oxceed.com\/se\/?p=15770"},"modified":"2022-10-05T10:44:39","modified_gmt":"2022-10-05T08:44:39","slug":"med-koll-pa-mer-an-ekonomi-mot-oxceeds-ekonomichef-jonathan-bernelov","status":"publish","type":"post","link":"https:\/\/oxceed.com\/se\/nyheter\/med-koll-pa-mer-an-ekonomi-mot-oxceeds-ekonomichef-jonathan-bernelov\/","title":{"rendered":"Med koll p\u00e5 mer \u00e4n ekonomi \u2013 m\u00f6t Oxceeds ekonomichef Jonathan Bernel\u00f6v"},"content":{"rendered":"\t\t<div data-elementor-type=\"wp-post\" data-elementor-id=\"15770\" class=\"elementor elementor-15770\" data-elementor-post-type=\"post\">\n\t\t\t\t\t\t<section class=\"elementor-section elementor-top-section elementor-element elementor-element-61025ee elementor-section-boxed elementor-section-height-default elementor-section-height-default\" data-id=\"61025ee\" data-element_type=\"section\" data-e-type=\"section\" data-settings=\"{&quot;jet_parallax_layout_list&quot;:[{&quot;jet_parallax_layout_image&quot;:{&quot;url&quot;:&quot;&quot;,&quot;id&quot;:&quot;&quot;,&quot;size&quot;:&quot;&quot;},&quot;_id&quot;:&quot;fd878ff&quot;,&quot;jet_parallax_layout_image_tablet&quot;:{&quot;url&quot;:&quot;&quot;,&quot;id&quot;:&quot;&quot;,&quot;size&quot;:&quot;&quot;},&quot;jet_parallax_layout_image_mobile&quot;:{&quot;url&quot;:&quot;&quot;,&quot;id&quot;:&quot;&quot;,&quot;size&quot;:&quot;&quot;},&quot;jet_parallax_layout_speed&quot;:{&quot;unit&quot;:&quot;%&quot;,&quot;size&quot;:50,&quot;sizes&quot;:[]},&quot;jet_parallax_layout_type&quot;:&quot;scroll&quot;,&quot;jet_parallax_layout_direction&quot;:&quot;1&quot;,&quot;jet_parallax_layout_fx_direction&quot;:null,&quot;jet_parallax_layout_z_index&quot;:&quot;&quot;,&quot;jet_parallax_layout_bg_x&quot;:50,&quot;jet_parallax_layout_bg_x_tablet&quot;:&quot;&quot;,&quot;jet_parallax_layout_bg_x_mobile&quot;:&quot;&quot;,&quot;jet_parallax_layout_bg_y&quot;:50,&quot;jet_parallax_layout_bg_y_tablet&quot;:&quot;&quot;,&quot;jet_parallax_layout_bg_y_mobile&quot;:&quot;&quot;,&quot;jet_parallax_layout_bg_size&quot;:&quot;auto&quot;,&quot;jet_parallax_layout_bg_size_tablet&quot;:&quot;&quot;,&quot;jet_parallax_layout_bg_size_mobile&quot;:&quot;&quot;,&quot;jet_parallax_layout_animation_prop&quot;:&quot;transform&quot;,&quot;jet_parallax_layout_on&quot;:[&quot;desktop&quot;,&quot;tablet&quot;]}]}\">\n\t\t\t\t\t\t<div class=\"elementor-container elementor-column-gap-default\">\n\t\t\t\t\t<div class=\"elementor-column elementor-col-100 elementor-top-column elementor-element elementor-element-51cfcd6\" data-id=\"51cfcd6\" data-element_type=\"column\" data-e-type=\"column\">\n\t\t\t<div class=\"elementor-widget-wrap elementor-element-populated\">\n\t\t\t\t\t\t<div class=\"elementor-element elementor-element-efcbe3b elementor-widget elementor-widget-text-editor\" data-id=\"efcbe3b\" data-element_type=\"widget\" data-e-type=\"widget\" data-widget_type=\"text-editor.default\">\n\t\t\t\t\t\t\t\t\t<p><\/p><h5 class=\"wp-block-heading\">Sedan han b\u00f6rjade i augusti 2021 har Jonathan Bernel\u00f6v haft en hektisk agenda med att s\u00e4tta sig in i bolaget och nya rollen. Men en torsdag i oktober lyckas vi stoppa honom vid kaffeautomaten f\u00f6r att st\u00e4lla n\u00e5gra fr\u00e5gor.<\/h5><p><\/p><p><\/p><p>Den blott 26-\u00e5rige ekonomitalangen Jonathan Bernel\u00f6v har p\u00e5 kort tid hunnit med mycket. Han b\u00f6rjade sin bana som controller f\u00f6r serieentrepren\u00f6ren Isabella L\u00f6wengrip och p\u00e5 SaaS-f\u00f6retaget Howwe Technologies, f\u00f6r att g\u00e5 vidare till rollen som ekonomichef p\u00e5 elektronikdistribut\u00f6ren Mcare Sweden. Idag \u00e4r vi glada att ha Jonathan som Finance &amp; HR Manager hos oss p\u00e5 Oxceed.<\/p><h5>Nu har du varit p\u00e5 Oxceed i cirka tv\u00e5 m\u00e5nader. Vad \u00e4r ditt f\u00f6rsta intryck?<\/h5><p>\u2013 Oxceed \u00e4r ett ungt bolag med ett proffsigt och sammansvetsat g\u00e4ng p\u00e5 just nu 22 personer. Jag slogs tidigt av hur extremt kunnig varje individ \u00e4r inom sitt omr\u00e5de och en s\u00e5dan milj\u00f6 trivs jag i \u2013 en milj\u00f6 d\u00e4r jag kan l\u00e4ra mig n\u00e5got varje dag som inte bara h\u00f6r till mitt &#8220;field of work&#8221;, s\u00e4ger Jonathan.<\/p><p>\u2013 Effekten av alla dessa duktiga och drivna individer \u00e4r den b\u00e4sta l\u00f6sningen f\u00f6r finansiell rapportering och budgetering, om du fr\u00e5gar mig, l\u00e4gger han till med glimten i \u00f6gat.<\/p><p>Givetvis \u00e4r han partisk i sin position men man kan inte undg\u00e5 att tycka att han \u00e4r som klippt och skuren f\u00f6r sin roll. Jonathan ber\u00e4ttar att han alltid har gillat att jobba verksamhetsn\u00e4ra och datadrivet. Genom att vara den som tar fram data, underlag till beslut, rapporter, investerarunderlag blev han tidigt spindeln i n\u00e4tet. Det ledde till att han l\u00e4rde sig mycket kring att arbeta med rapportering och hur ett f\u00f6retag kan effektivisera och framf\u00f6r allt automatisera sin rapportering.<\/p><h5>Innan han b\u00f6rjade p\u00e5 Oxceed byggde Jonathan rapporteringsl\u00f6sningar i olika system, framf\u00f6r allt i Excel.<\/h5><p>Han tycker att man kommer v\u00e4ldigt l\u00e5ngt med Excel och att m\u00e5nga av utmaningarna med att sy ihop utfall, budget, prognos och f\u00f6reg\u00e5ende \u00e5r g\u00e5r att l\u00f6sa den v\u00e4gen.<\/p><p>\u2013 N\u00e4r jag kom till Oxceed ins\u00e5g jag dock vad jag sj\u00e4lv hade saknat tidigare \u2013 ett system som p\u00e5 ett enkelt s\u00e4tt kan sk\u00e4ra i data, tidsperioder eller anv\u00e4nda samma rapporter i utskick till \u00e4gare, styrelse eller management, s\u00e4ger Jonathan och pekar p\u00e5 sin sk\u00e4rm som visserligen f\u00f6r tillf\u00e4llet visar f\u00f6rsta sidan p\u00e5 Dagens Industri.<\/p><p>\u2013 Jag tycker att det \u00e4r viktigt f\u00f6r en ekonomichef att alltid ha koll p\u00e5 mer \u00e4n bara ekonomi. Min m\u00e5lbild \u00e4r att ha insikt i allt i bolaget. Inte kunna allt utan ha en bild av vad varje avdelnings fokus \u00e4r idag, denna m\u00e5nad eller vad m\u00e5let f\u00f6r \u00e5ret \u00e4r, s\u00e4ger han.<\/p><p>Visionen som vi str\u00e4var efter p\u00e5 Oxceed \u00e4r att underl\u00e4tta f\u00f6r v\u00e5ra kunder att fatta b\u00e4ttre beslut och att vara det sj\u00e4lvklara verktyget f\u00f6r den moderna ekonomen. S\u00e5 n\u00e4r man sitter och dricker kaffe med en 26-\u00e5rig ekonomichef \u00e4r det om\u00f6jligt att inte vilja st\u00e4lla fr\u00e5gan:<\/p><h5>Vad \u00e4r en modern ekonom f\u00f6r dig?<\/h5><p>\u2013 F\u00f6r mig handlar det om att lyfta blicken. Den moderna ekonomen b\u00f6r ha insikt i allt som h\u00e4nder p\u00e5 ett bolag och framf\u00f6r allt vart bolaget \u00e4r p\u00e5 v\u00e4g. Jobbar man p\u00e5 ett bolag som Oxceed \u00e4r det s\u00e5klart en enklare situation \u00e4n om man skulle jobba p\u00e5 exempelvis Sia Glass, som driver en st\u00f6rre verksamhet och dessutom har en koncernstruktur att ta h\u00e4nsyn till, s\u00e4ger Jonathan och h\u00e4nvisar till ett av kundf\u00f6retagen som anv\u00e4nder Oxceed.<\/p><p>\u2013 Men oavsett typ eller storlek p\u00e5 verksamheten tycker jag att det \u00e4r viktigt att man vet vilka KPI:er som vi b\u00f6r m\u00e4ta f\u00f6r att kunna ta r\u00e4tt beslut vid olika v\u00e4gval i framtiden. Genom att ha insikt i hela bolaget vet den moderna ekonomen vad det finns f\u00f6r data att tillg\u00e5 och var de kan h\u00e4mtas fr\u00e5n, f\u00f6r att snabbt kunna ta fram relevanta underlag, fatta b\u00e4ttre beslut och dela informationen inom bolaget, till\u00e4gger han.<\/p><p>N\u00e5gra kollegor stannar ocks\u00e5 till i fikarummet p\u00e5 kontoret och fr\u00e5gar sk\u00e4mtsamt om vem som vann padelmatchen ig\u00e5r. Samtidigt som Jonathan b\u00f6rjade ytterligare tre personer i ungef\u00e4r samma \u00e5lder, p\u00e5 avdelningen f\u00f6r f\u00f6rs\u00e4ljning och customer success. Det m\u00e4rks att st\u00e4mningen i g\u00e4nget \u00e4r p\u00e5 topp.<\/p><h5>N\u00e4r man har roligt p\u00e5 jobbet finns ju en risk f\u00f6r att man jobbar lite f\u00f6r mycket ibland. Har du n\u00e5got work life hack p\u00e5 hur man kan bli mer effektiv p\u00e5 sin arbetstid?<\/h5><p>\u2013 Jag har v\u00e4ldigt kul p\u00e5 jobbet och det \u00e4r en kombination av m\u00e4nniskorna jag jobbar med samt det jag jobbar med. Att effektivisera och automatisera \u00e4r n\u00e5got som jag alltid har str\u00e4vat efter i mitt jobb. Jag har tidigare lagt ned mycket tid p\u00e5 detta och l\u00e4rt mig mycket fr\u00e5n det, s\u00e4ger Jonathan.<\/p><p>Trots att tanken med fr\u00e5gan var att f\u00e5 ett tips som inte just har med Oxceed att g\u00f6ra s\u00e5 \u00e4r det d\u00e4r han h\u00e4mtar sitt svar. Han verkar n\u00e4stan lite fr\u00e4lst.<\/p><p>\u2013 Med Oxceed har jag skapat mallar f\u00f6r rapporter vilket g\u00f6r att alla grafer och tabeller redan finns p\u00e5 plats med uppdaterade siffror som synkas direkt fr\u00e5n systemet. Det enda jag beh\u00f6ver l\u00e4gga till \u00e4r kommentarer i text och sen \u00e4r rapporterna redo att delas med styrelse och ledning. Mitt fr\u00e4msta work life hack f\u00f6r att spara tid och bli mer effektiv \u00e4r att jobba med rutiner och mallar \u2013 och det b\u00e4sta verktyget jag har anv\u00e4nt f\u00f6r detta hittills \u00e4r Oxceed, s\u00e4ger han n\u00f6jt samtidigt som han studsar upp fr\u00e5n soffan.<\/p><p>Dags f\u00f6r m\u00f6te med ledningsgruppen och bland annat planering inf\u00f6r flytten till nya kontoret i Solna. \u00a0<\/p><p><\/p>\t\t\t\t\t\t\t\t<\/div>\n\t\t\t\t\t<\/div>\n\t\t<\/div>\n\t\t\t\t\t<\/div>\n\t\t<\/section>\n\t\t\t\t<\/div>\n\t\t","protected":false},"excerpt":{"rendered":"<p>Sedan han b\u00f6rjade i augusti 2021 har Jonathan Bernel\u00f6v haft en hektisk agenda med att s\u00e4tta sig in i bolaget och nya rollen. Men en torsdag i oktober lyckas vi stoppa honom vid kaffeautomaten f\u00f6r att st\u00e4lla n\u00e5gra fr\u00e5gor. Den blott 26-\u00e5rige ekonomitalangen Jonathan Bernel\u00f6v har p\u00e5 kort tid hunnit med mycket. Han b\u00f6rjade sin [&hellip;]<\/p>\n","protected":false},"author":2,"featured_media":15775,"comment_status":"closed","ping_status":"open","sticky":false,"template":"","format":"standard","meta":{"_acf_changed":false,"_trash_the_other_posts":false,"editor_notices":[],"footnotes":""},"categories":[1372333],"tags":[1372398],"class_list":["post-15770","post","type-post","status-publish","format-standard","has-post-thumbnail","hentry","category-nyheter","tag-ekonomi-ekonomichef-jobb"],"acf":[],"yoast_head":"<!-- This site is optimized with the Yoast SEO Premium plugin v26.5 (Yoast SEO v27.4) - https:\/\/yoast.com\/product\/yoast-seo-premium-wordpress\/ -->\n<title>Med koll p\u00e5 mer \u00e4n ekonomi \u2013 m\u00f6t Oxceeds ekonomichef Jonathan Bernel\u00f6v - Oxceed Sweden<\/title>\n<meta name=\"robots\" content=\"index, follow, max-snippet:-1, max-image-preview:large, max-video-preview:-1\" \/>\n<link rel=\"canonical\" href=\"https:\/\/oxceed.com\/se\/se\/nyheter\/med-koll-pa-mer-an-ekonomi-mot-oxceeds-ekonomichef-jonathan-bernelov\/\" \/>\n<meta property=\"og:locale\" content=\"en_GB\" \/>\n<meta property=\"og:type\" content=\"article\" \/>\n<meta property=\"og:title\" content=\"Med koll p\u00e5 mer \u00e4n ekonomi \u2013 m\u00f6t Oxceeds ekonomichef Jonathan Bernel\u00f6v\" \/>\n<meta property=\"og:description\" content=\"Sedan han b\u00f6rjade i augusti 2021 har Jonathan Bernel\u00f6v haft en hektisk agenda med att s\u00e4tta sig in i bolaget och nya rollen. Men en torsdag i oktober lyckas vi stoppa honom vid kaffeautomaten f\u00f6r att st\u00e4lla n\u00e5gra fr\u00e5gor. Den blott 26-\u00e5rige ekonomitalangen Jonathan Bernel\u00f6v har p\u00e5 kort tid hunnit med mycket. Han b\u00f6rjade sin [&hellip;]\" \/>\n<meta property=\"og:url\" content=\"https:\/\/oxceed.com\/se\/se\/nyheter\/med-koll-pa-mer-an-ekonomi-mot-oxceeds-ekonomichef-jonathan-bernelov\/\" \/>\n<meta property=\"og:site_name\" content=\"Oxceed Sweden\" \/>\n<meta property=\"article:published_time\" content=\"2021-10-20T21:41:36+00:00\" \/>\n<meta property=\"article:modified_time\" content=\"2022-10-05T08:44:39+00:00\" \/>\n<meta property=\"og:image\" content=\"https:\/\/oxceed.com\/se\/se\/wp-content\/uploads\/sites\/21\/2021\/10\/jonathan-bernelov-oxceed.jpg\" \/>\n\t<meta property=\"og:image:width\" content=\"1200\" \/>\n\t<meta property=\"og:image:height\" content=\"800\" \/>\n\t<meta property=\"og:image:type\" content=\"image\/jpeg\" \/>\n<meta name=\"author\" content=\"Martin Ericson\" \/>\n<meta name=\"twitter:card\" content=\"summary_large_image\" \/>\n<meta name=\"twitter:label1\" content=\"Written by\" \/>\n\t<meta name=\"twitter:data1\" content=\"Martin Ericson\" \/>\n\t<meta name=\"twitter:label2\" content=\"Estimated reading time\" \/>\n\t<meta name=\"twitter:data2\" content=\"4 minutes\" \/>\n<script type=\"application\/ld+json\" class=\"yoast-schema-graph\">{\"@context\":\"https:\\\/\\\/schema.org\",\"@graph\":[{\"@type\":\"Article\",\"@id\":\"https:\\\/\\\/oxceed.com\\\/se\\\/se\\\/nyheter\\\/med-koll-pa-mer-an-ekonomi-mot-oxceeds-ekonomichef-jonathan-bernelov\\\/#article\",\"isPartOf\":{\"@id\":\"https:\\\/\\\/oxceed.com\\\/se\\\/se\\\/nyheter\\\/med-koll-pa-mer-an-ekonomi-mot-oxceeds-ekonomichef-jonathan-bernelov\\\/\"},\"author\":{\"name\":\"Martin Ericson\",\"@id\":\"https:\\\/\\\/oxceed.com\\\/se\\\/#\\\/schema\\\/person\\\/b3e874d2e6116d756ef2aecb506e8880\"},\"headline\":\"Med koll p\u00e5 mer \u00e4n ekonomi \u2013 m\u00f6t Oxceeds ekonomichef Jonathan Bernel\u00f6v\",\"datePublished\":\"2021-10-20T21:41:36+00:00\",\"dateModified\":\"2022-10-05T08:44:39+00:00\",\"mainEntityOfPage\":{\"@id\":\"https:\\\/\\\/oxceed.com\\\/se\\\/se\\\/nyheter\\\/med-koll-pa-mer-an-ekonomi-mot-oxceeds-ekonomichef-jonathan-bernelov\\\/\"},\"wordCount\":1057,\"image\":{\"@id\":\"https:\\\/\\\/oxceed.com\\\/se\\\/se\\\/nyheter\\\/med-koll-pa-mer-an-ekonomi-mot-oxceeds-ekonomichef-jonathan-bernelov\\\/#primaryimage\"},\"thumbnailUrl\":\"https:\\\/\\\/oxceed.com\\\/se\\\/wp-content\\\/uploads\\\/sites\\\/21\\\/2021\\\/10\\\/jonathan-bernelov-oxceed.jpg\",\"keywords\":[\"ekonomi ekonomichef jobb\"],\"articleSection\":[\"Nyheter\"],\"inLanguage\":\"en-GB\"},{\"@type\":\"WebPage\",\"@id\":\"https:\\\/\\\/oxceed.com\\\/se\\\/se\\\/nyheter\\\/med-koll-pa-mer-an-ekonomi-mot-oxceeds-ekonomichef-jonathan-bernelov\\\/\",\"url\":\"https:\\\/\\\/oxceed.com\\\/se\\\/se\\\/nyheter\\\/med-koll-pa-mer-an-ekonomi-mot-oxceeds-ekonomichef-jonathan-bernelov\\\/\",\"name\":\"Med koll p\u00e5 mer \u00e4n ekonomi \u2013 m\u00f6t Oxceeds ekonomichef Jonathan Bernel\u00f6v - Oxceed Sweden\",\"isPartOf\":{\"@id\":\"https:\\\/\\\/oxceed.com\\\/se\\\/#website\"},\"primaryImageOfPage\":{\"@id\":\"https:\\\/\\\/oxceed.com\\\/se\\\/se\\\/nyheter\\\/med-koll-pa-mer-an-ekonomi-mot-oxceeds-ekonomichef-jonathan-bernelov\\\/#primaryimage\"},\"image\":{\"@id\":\"https:\\\/\\\/oxceed.com\\\/se\\\/se\\\/nyheter\\\/med-koll-pa-mer-an-ekonomi-mot-oxceeds-ekonomichef-jonathan-bernelov\\\/#primaryimage\"},\"thumbnailUrl\":\"https:\\\/\\\/oxceed.com\\\/se\\\/wp-content\\\/uploads\\\/sites\\\/21\\\/2021\\\/10\\\/jonathan-bernelov-oxceed.jpg\",\"datePublished\":\"2021-10-20T21:41:36+00:00\",\"dateModified\":\"2022-10-05T08:44:39+00:00\",\"author\":{\"@id\":\"https:\\\/\\\/oxceed.com\\\/se\\\/#\\\/schema\\\/person\\\/b3e874d2e6116d756ef2aecb506e8880\"},\"breadcrumb\":{\"@id\":\"https:\\\/\\\/oxceed.com\\\/se\\\/se\\\/nyheter\\\/med-koll-pa-mer-an-ekonomi-mot-oxceeds-ekonomichef-jonathan-bernelov\\\/#breadcrumb\"},\"inLanguage\":\"en-GB\",\"potentialAction\":[{\"@type\":\"ReadAction\",\"target\":[\"https:\\\/\\\/oxceed.com\\\/se\\\/se\\\/nyheter\\\/med-koll-pa-mer-an-ekonomi-mot-oxceeds-ekonomichef-jonathan-bernelov\\\/\"]}]},{\"@type\":\"ImageObject\",\"inLanguage\":\"en-GB\",\"@id\":\"https:\\\/\\\/oxceed.com\\\/se\\\/se\\\/nyheter\\\/med-koll-pa-mer-an-ekonomi-mot-oxceeds-ekonomichef-jonathan-bernelov\\\/#primaryimage\",\"url\":\"https:\\\/\\\/oxceed.com\\\/se\\\/wp-content\\\/uploads\\\/sites\\\/21\\\/2021\\\/10\\\/jonathan-bernelov-oxceed.jpg\",\"contentUrl\":\"https:\\\/\\\/oxceed.com\\\/se\\\/wp-content\\\/uploads\\\/sites\\\/21\\\/2021\\\/10\\\/jonathan-bernelov-oxceed.jpg\",\"width\":1200,\"height\":800},{\"@type\":\"BreadcrumbList\",\"@id\":\"https:\\\/\\\/oxceed.com\\\/se\\\/se\\\/nyheter\\\/med-koll-pa-mer-an-ekonomi-mot-oxceeds-ekonomichef-jonathan-bernelov\\\/#breadcrumb\",\"itemListElement\":[{\"@type\":\"ListItem\",\"position\":1,\"name\":\"Home\",\"item\":\"https:\\\/\\\/oxceed.com\\\/se\\\/\"},{\"@type\":\"ListItem\",\"position\":2,\"name\":\"Med koll p\u00e5 mer \u00e4n ekonomi \u2013 m\u00f6t Oxceeds ekonomichef Jonathan Bernel\u00f6v\"}]},{\"@type\":\"WebSite\",\"@id\":\"https:\\\/\\\/oxceed.com\\\/se\\\/#website\",\"url\":\"https:\\\/\\\/oxceed.com\\\/se\\\/\",\"name\":\"Oxceed Sweden\",\"description\":\"Fatta b\u00e4ttre beslut med Oxceed\",\"potentialAction\":[{\"@type\":\"SearchAction\",\"target\":{\"@type\":\"EntryPoint\",\"urlTemplate\":\"https:\\\/\\\/oxceed.com\\\/se\\\/?s={search_term_string}\"},\"query-input\":{\"@type\":\"PropertyValueSpecification\",\"valueRequired\":true,\"valueName\":\"search_term_string\"}}],\"inLanguage\":\"en-GB\"},{\"@type\":\"Person\",\"@id\":\"https:\\\/\\\/oxceed.com\\\/se\\\/#\\\/schema\\\/person\\\/b3e874d2e6116d756ef2aecb506e8880\",\"name\":\"Martin Ericson\",\"image\":{\"@type\":\"ImageObject\",\"inLanguage\":\"en-GB\",\"@id\":\"https:\\\/\\\/secure.gravatar.com\\\/avatar\\\/176e21de61385d9ffc7eefd75788ccd94753d7352703cc12f102b743159c03c2?s=96&d=identicon&r=g\",\"url\":\"https:\\\/\\\/secure.gravatar.com\\\/avatar\\\/176e21de61385d9ffc7eefd75788ccd94753d7352703cc12f102b743159c03c2?s=96&d=identicon&r=g\",\"contentUrl\":\"https:\\\/\\\/secure.gravatar.com\\\/avatar\\\/176e21de61385d9ffc7eefd75788ccd94753d7352703cc12f102b743159c03c2?s=96&d=identicon&r=g\",\"caption\":\"Martin Ericson\"}}]}<\/script>\n<!-- \/ Yoast SEO Premium plugin. -->","yoast_head_json":{"title":"Med koll p\u00e5 mer \u00e4n ekonomi \u2013 m\u00f6t Oxceeds ekonomichef Jonathan Bernel\u00f6v - Oxceed Sweden","robots":{"index":"index","follow":"follow","max-snippet":"max-snippet:-1","max-image-preview":"max-image-preview:large","max-video-preview":"max-video-preview:-1"},"canonical":"https:\/\/oxceed.com\/se\/se\/nyheter\/med-koll-pa-mer-an-ekonomi-mot-oxceeds-ekonomichef-jonathan-bernelov\/","og_locale":"en_GB","og_type":"article","og_title":"Med koll p\u00e5 mer \u00e4n ekonomi \u2013 m\u00f6t Oxceeds ekonomichef Jonathan Bernel\u00f6v","og_description":"Sedan han b\u00f6rjade i augusti 2021 har Jonathan Bernel\u00f6v haft en hektisk agenda med att s\u00e4tta sig in i bolaget och nya rollen. Men en torsdag i oktober lyckas vi stoppa honom vid kaffeautomaten f\u00f6r att st\u00e4lla n\u00e5gra fr\u00e5gor. Den blott 26-\u00e5rige ekonomitalangen Jonathan Bernel\u00f6v har p\u00e5 kort tid hunnit med mycket. Han b\u00f6rjade sin [&hellip;]","og_url":"https:\/\/oxceed.com\/se\/se\/nyheter\/med-koll-pa-mer-an-ekonomi-mot-oxceeds-ekonomichef-jonathan-bernelov\/","og_site_name":"Oxceed Sweden","article_published_time":"2021-10-20T21:41:36+00:00","article_modified_time":"2022-10-05T08:44:39+00:00","og_image":[{"width":1200,"height":800,"url":"https:\/\/oxceed.com\/se\/se\/wp-content\/uploads\/sites\/21\/2021\/10\/jonathan-bernelov-oxceed.jpg","type":"image\/jpeg"}],"author":"Martin Ericson","twitter_card":"summary_large_image","twitter_misc":{"Written by":"Martin Ericson","Estimated reading time":"4 minutes"},"schema":{"@context":"https:\/\/schema.org","@graph":[{"@type":"Article","@id":"https:\/\/oxceed.com\/se\/se\/nyheter\/med-koll-pa-mer-an-ekonomi-mot-oxceeds-ekonomichef-jonathan-bernelov\/#article","isPartOf":{"@id":"https:\/\/oxceed.com\/se\/se\/nyheter\/med-koll-pa-mer-an-ekonomi-mot-oxceeds-ekonomichef-jonathan-bernelov\/"},"author":{"name":"Martin Ericson","@id":"https:\/\/oxceed.com\/se\/#\/schema\/person\/b3e874d2e6116d756ef2aecb506e8880"},"headline":"Med koll p\u00e5 mer \u00e4n ekonomi \u2013 m\u00f6t Oxceeds ekonomichef Jonathan Bernel\u00f6v","datePublished":"2021-10-20T21:41:36+00:00","dateModified":"2022-10-05T08:44:39+00:00","mainEntityOfPage":{"@id":"https:\/\/oxceed.com\/se\/se\/nyheter\/med-koll-pa-mer-an-ekonomi-mot-oxceeds-ekonomichef-jonathan-bernelov\/"},"wordCount":1057,"image":{"@id":"https:\/\/oxceed.com\/se\/se\/nyheter\/med-koll-pa-mer-an-ekonomi-mot-oxceeds-ekonomichef-jonathan-bernelov\/#primaryimage"},"thumbnailUrl":"https:\/\/oxceed.com\/se\/wp-content\/uploads\/sites\/21\/2021\/10\/jonathan-bernelov-oxceed.jpg","keywords":["ekonomi ekonomichef jobb"],"articleSection":["Nyheter"],"inLanguage":"en-GB"},{"@type":"WebPage","@id":"https:\/\/oxceed.com\/se\/se\/nyheter\/med-koll-pa-mer-an-ekonomi-mot-oxceeds-ekonomichef-jonathan-bernelov\/","url":"https:\/\/oxceed.com\/se\/se\/nyheter\/med-koll-pa-mer-an-ekonomi-mot-oxceeds-ekonomichef-jonathan-bernelov\/","name":"Med koll p\u00e5 mer \u00e4n ekonomi \u2013 m\u00f6t Oxceeds ekonomichef Jonathan Bernel\u00f6v - Oxceed Sweden","isPartOf":{"@id":"https:\/\/oxceed.com\/se\/#website"},"primaryImageOfPage":{"@id":"https:\/\/oxceed.com\/se\/se\/nyheter\/med-koll-pa-mer-an-ekonomi-mot-oxceeds-ekonomichef-jonathan-bernelov\/#primaryimage"},"image":{"@id":"https:\/\/oxceed.com\/se\/se\/nyheter\/med-koll-pa-mer-an-ekonomi-mot-oxceeds-ekonomichef-jonathan-bernelov\/#primaryimage"},"thumbnailUrl":"https:\/\/oxceed.com\/se\/wp-content\/uploads\/sites\/21\/2021\/10\/jonathan-bernelov-oxceed.jpg","datePublished":"2021-10-20T21:41:36+00:00","dateModified":"2022-10-05T08:44:39+00:00","author":{"@id":"https:\/\/oxceed.com\/se\/#\/schema\/person\/b3e874d2e6116d756ef2aecb506e8880"},"breadcrumb":{"@id":"https:\/\/oxceed.com\/se\/se\/nyheter\/med-koll-pa-mer-an-ekonomi-mot-oxceeds-ekonomichef-jonathan-bernelov\/#breadcrumb"},"inLanguage":"en-GB","potentialAction":[{"@type":"ReadAction","target":["https:\/\/oxceed.com\/se\/se\/nyheter\/med-koll-pa-mer-an-ekonomi-mot-oxceeds-ekonomichef-jonathan-bernelov\/"]}]},{"@type":"ImageObject","inLanguage":"en-GB","@id":"https:\/\/oxceed.com\/se\/se\/nyheter\/med-koll-pa-mer-an-ekonomi-mot-oxceeds-ekonomichef-jonathan-bernelov\/#primaryimage","url":"https:\/\/oxceed.com\/se\/wp-content\/uploads\/sites\/21\/2021\/10\/jonathan-bernelov-oxceed.jpg","contentUrl":"https:\/\/oxceed.com\/se\/wp-content\/uploads\/sites\/21\/2021\/10\/jonathan-bernelov-oxceed.jpg","width":1200,"height":800},{"@type":"BreadcrumbList","@id":"https:\/\/oxceed.com\/se\/se\/nyheter\/med-koll-pa-mer-an-ekonomi-mot-oxceeds-ekonomichef-jonathan-bernelov\/#breadcrumb","itemListElement":[{"@type":"ListItem","position":1,"name":"Home","item":"https:\/\/oxceed.com\/se\/"},{"@type":"ListItem","position":2,"name":"Med koll p\u00e5 mer \u00e4n ekonomi \u2013 m\u00f6t Oxceeds ekonomichef Jonathan Bernel\u00f6v"}]},{"@type":"WebSite","@id":"https:\/\/oxceed.com\/se\/#website","url":"https:\/\/oxceed.com\/se\/","name":"Oxceed Sweden","description":"Fatta b\u00e4ttre beslut med Oxceed","potentialAction":[{"@type":"SearchAction","target":{"@type":"EntryPoint","urlTemplate":"https:\/\/oxceed.com\/se\/?s={search_term_string}"},"query-input":{"@type":"PropertyValueSpecification","valueRequired":true,"valueName":"search_term_string"}}],"inLanguage":"en-GB"},{"@type":"Person","@id":"https:\/\/oxceed.com\/se\/#\/schema\/person\/b3e874d2e6116d756ef2aecb506e8880","name":"Martin Ericson","image":{"@type":"ImageObject","inLanguage":"en-GB","@id":"https:\/\/secure.gravatar.com\/avatar\/176e21de61385d9ffc7eefd75788ccd94753d7352703cc12f102b743159c03c2?s=96&d=identicon&r=g","url":"https:\/\/secure.gravatar.com\/avatar\/176e21de61385d9ffc7eefd75788ccd94753d7352703cc12f102b743159c03c2?s=96&d=identicon&r=g","contentUrl":"https:\/\/secure.gravatar.com\/avatar\/176e21de61385d9ffc7eefd75788ccd94753d7352703cc12f102b743159c03c2?s=96&d=identicon&r=g","caption":"Martin Ericson"}}]}},"_links":{"self":[{"href":"https:\/\/oxceed.com\/se\/wp-json\/wp\/v2\/posts\/15770","targetHints":{"allow":["GET"]}}],"collection":[{"href":"https:\/\/oxceed.com\/se\/wp-json\/wp\/v2\/posts"}],"about":[{"href":"https:\/\/oxceed.com\/se\/wp-json\/wp\/v2\/types\/post"}],"author":[{"embeddable":true,"href":"https:\/\/oxceed.com\/se\/wp-json\/wp\/v2\/users\/2"}],"replies":[{"embeddable":true,"href":"https:\/\/oxceed.com\/se\/wp-json\/wp\/v2\/comments?post=15770"}],"version-history":[{"count":7,"href":"https:\/\/oxceed.com\/se\/wp-json\/wp\/v2\/posts\/15770\/revisions"}],"predecessor-version":[{"id":15921,"href":"https:\/\/oxceed.com\/se\/wp-json\/wp\/v2\/posts\/15770\/revisions\/15921"}],"wp:featuredmedia":[{"embeddable":true,"href":"https:\/\/oxceed.com\/se\/wp-json\/wp\/v2\/media\/15775"}],"wp:attachment":[{"href":"https:\/\/oxceed.com\/se\/wp-json\/wp\/v2\/media?parent=15770"}],"wp:term":[{"taxonomy":"category","embeddable":true,"href":"https:\/\/oxceed.com\/se\/wp-json\/wp\/v2\/categories?post=15770"},{"taxonomy":"post_tag","embeddable":true,"href":"https:\/\/oxceed.com\/se\/wp-json\/wp\/v2\/tags?post=15770"}],"curies":[{"name":"wp","href":"https:\/\/api.w.org\/{rel}","templated":true}]}}