{"id":19932,"date":"2024-12-18T12:46:23","date_gmt":"2024-12-18T11:46:23","guid":{"rendered":"https:\/\/oxceed.com\/se\/?p=19932"},"modified":"2025-08-29T11:00:03","modified_gmt":"2025-08-29T09:00:03","slug":"sa-utmarker-du-dig-som-ekonomichef","status":"publish","type":"post","link":"https:\/\/oxceed.com\/se\/artiklar\/foretagsledning\/sa-utmarker-du-dig-som-ekonomichef\/","title":{"rendered":"S\u00e5 utm\u00e4rker du dig som ekonomichef 2025"},"content":{"rendered":"\t\t<div data-elementor-type=\"wp-post\" data-elementor-id=\"19932\" class=\"elementor elementor-19932\" data-elementor-post-type=\"post\">\n\t\t\t\t\t\t<section class=\"elementor-section elementor-top-section elementor-element elementor-element-ea5d5b2 elementor-section-boxed elementor-section-height-default elementor-section-height-default\" data-id=\"ea5d5b2\" data-element_type=\"section\" data-e-type=\"section\" data-settings=\"{&quot;jet_parallax_layout_list&quot;:[]}\">\n\t\t\t\t\t\t<div class=\"elementor-container elementor-column-gap-default\">\n\t\t\t\t\t<div class=\"elementor-column elementor-col-100 elementor-top-column elementor-element elementor-element-b90fde7\" data-id=\"b90fde7\" data-element_type=\"column\" data-e-type=\"column\">\n\t\t\t<div class=\"elementor-widget-wrap elementor-element-populated\">\n\t\t\t\t\t\t<div class=\"elementor-element elementor-element-bba3f1d elementor-widget elementor-widget-heading\" data-id=\"bba3f1d\" data-element_type=\"widget\" data-e-type=\"widget\" data-widget_type=\"heading.default\">\n\t\t\t\t\t<h2 class=\"elementor-heading-title elementor-size-default\">Ekonomiarbete \u00e4r p\u00e5 m\u00e5nga s\u00e4tt cykliskt och varje \u00e5r bygger du p\u00e5 dig erfarenheter och skapar rutiner som g\u00f6r dig mer f\u00f6rberedd och effektiv. Det finns dock egenskaper som kommer att utm\u00e4rka dig som en modern och fram\u00e5triktad ekonomichef. H\u00e4r \u00e4r tre omr\u00e5den du b\u00f6r fokusera p\u00e5 f\u00f6r att lyfta dig ytterligare en niv\u00e5.<\/h2>\t\t\t\t<\/div>\n\t\t\t\t\t<\/div>\n\t\t<\/div>\n\t\t\t\t\t<\/div>\n\t\t<\/section>\n\t\t\t\t<section class=\"elementor-section elementor-top-section elementor-element elementor-element-bc554b2 elementor-section-boxed elementor-section-height-default elementor-section-height-default\" data-id=\"bc554b2\" data-element_type=\"section\" data-e-type=\"section\" data-settings=\"{&quot;jet_parallax_layout_list&quot;:[{&quot;jet_parallax_layout_image&quot;:{&quot;url&quot;:&quot;&quot;,&quot;id&quot;:&quot;&quot;,&quot;size&quot;:&quot;&quot;},&quot;_id&quot;:&quot;1c22da4&quot;,&quot;jet_parallax_layout_image_tablet&quot;:{&quot;url&quot;:&quot;&quot;,&quot;id&quot;:&quot;&quot;,&quot;size&quot;:&quot;&quot;},&quot;jet_parallax_layout_image_mobile&quot;:{&quot;url&quot;:&quot;&quot;,&quot;id&quot;:&quot;&quot;,&quot;size&quot;:&quot;&quot;},&quot;jet_parallax_layout_speed&quot;:{&quot;unit&quot;:&quot;%&quot;,&quot;size&quot;:50,&quot;sizes&quot;:[]},&quot;jet_parallax_layout_type&quot;:&quot;scroll&quot;,&quot;jet_parallax_layout_direction&quot;:&quot;1&quot;,&quot;jet_parallax_layout_fx_direction&quot;:null,&quot;jet_parallax_layout_z_index&quot;:&quot;&quot;,&quot;jet_parallax_layout_bg_x&quot;:50,&quot;jet_parallax_layout_bg_x_tablet&quot;:&quot;&quot;,&quot;jet_parallax_layout_bg_x_mobile&quot;:&quot;&quot;,&quot;jet_parallax_layout_bg_y&quot;:50,&quot;jet_parallax_layout_bg_y_tablet&quot;:&quot;&quot;,&quot;jet_parallax_layout_bg_y_mobile&quot;:&quot;&quot;,&quot;jet_parallax_layout_bg_size&quot;:&quot;auto&quot;,&quot;jet_parallax_layout_bg_size_tablet&quot;:&quot;&quot;,&quot;jet_parallax_layout_bg_size_mobile&quot;:&quot;&quot;,&quot;jet_parallax_layout_animation_prop&quot;:&quot;transform&quot;,&quot;jet_parallax_layout_on&quot;:[&quot;desktop&quot;,&quot;tablet&quot;]}]}\">\n\t\t\t\t\t\t<div class=\"elementor-container elementor-column-gap-default\">\n\t\t\t\t\t<div class=\"elementor-column elementor-col-100 elementor-top-column elementor-element elementor-element-a42ece2\" data-id=\"a42ece2\" data-element_type=\"column\" data-e-type=\"column\">\n\t\t\t<div class=\"elementor-widget-wrap elementor-element-populated\">\n\t\t\t\t\t\t<div class=\"elementor-element elementor-element-c92051a elementor-widget elementor-widget-heading\" data-id=\"c92051a\" data-element_type=\"widget\" data-e-type=\"widget\" data-widget_type=\"heading.default\">\n\t\t\t\t\t<h2 class=\"elementor-heading-title elementor-size-default\">Jobba aktivt med prognoser<\/h2>\t\t\t\t<\/div>\n\t\t\t\t<div class=\"elementor-element elementor-element-7127203 elementor-widget elementor-widget-text-editor\" data-id=\"7127203\" data-element_type=\"widget\" data-e-type=\"widget\" data-widget_type=\"text-editor.default\">\n\t\t\t\t\t\t\t\t\t<p class=\"p1\">En viktig skiljelinje mellan en bra och en utm\u00e4rkt ekonomichef \u00e4r f\u00f6rm\u00e5gan att skapa en relevant bild av framtiden, sex till tolv m\u00e5nader fram\u00e5t. VD och styrelse beh\u00f6ver b\u00e5de kunna f\u00f6lja upp bolagets historik och f\u00e5 en bild av framtiden. D\u00e4r ska du ta chansen att hj\u00e4lpa dem.<\/p><p class=\"p1\">Vilka<a href=\"https:\/\/oxceed.com\/se\/budget\/\"> prognoser<\/a> som \u00e4r relevanta beror p\u00e5 bolagets situation och storlek. I ett mindre bolag vill man ofta ha kontroll \u00f6ver <a href=\"https:\/\/oxceed.com\/se\/likviditetsbudget\/\">likviditeten och d\u00e5 \u00e4r likviditetsprognosen<\/a> ett ov\u00e4rderligt verktyg.<\/p><p class=\"p1\">Detsamma g\u00e4ller st\u00f6rre f\u00f6retag som befinner sig i en utmanad kassaposition. I ett stort och stabilt f\u00f6retag ligger som regel resultatet i fokus och d\u00e5 \u00e4r <a href=\"https:\/\/oxceed.com\/se\/nyckeltal\/\">bruttomarginalen ett viktigt nyckeltal<\/a> att f\u00f6lja.<\/p><p class=\"p1\">Se till att du har ett verktyg d\u00e4r du kan jobba l\u00f6pande under hela \u00e5ret och enkelt skapa uppdaterade prognoser utifr\u00e5n olika scenarion.<\/p>\t\t\t\t\t\t\t\t<\/div>\n\t\t\t\t\t<\/div>\n\t\t<\/div>\n\t\t\t\t\t<\/div>\n\t\t<\/section>\n\t\t\t\t<section class=\"elementor-section elementor-top-section elementor-element elementor-element-1d900f1 elementor-section-stretched elementor-reverse-tablet elementor-reverse-mobile elementor-section-boxed elementor-section-height-default elementor-section-height-default\" data-id=\"1d900f1\" data-element_type=\"section\" data-e-type=\"section\" data-settings=\"{&quot;jet_parallax_layout_list&quot;:[],&quot;background_background&quot;:&quot;classic&quot;,&quot;stretch_section&quot;:&quot;section-stretched&quot;}\">\n\t\t\t\t\t\t<div class=\"elementor-container elementor-column-gap-default\">\n\t\t\t\t\t<div class=\"elementor-column elementor-col-50 elementor-top-column elementor-element elementor-element-02598f0\" data-id=\"02598f0\" data-element_type=\"column\" data-e-type=\"column\" data-settings=\"{&quot;background_background&quot;:&quot;classic&quot;}\">\n\t\t\t<div class=\"elementor-widget-wrap elementor-element-populated\">\n\t\t\t\t\t\t<div class=\"elementor-element elementor-element-e5463bf elementor-widget elementor-widget-heading\" data-id=\"e5463bf\" data-element_type=\"widget\" data-e-type=\"widget\" data-widget_type=\"heading.default\">\n\t\t\t\t\t<h2 class=\"elementor-heading-title elementor-size-default\">Boka en demo och uppt\u00e4ck Oxceed fr\u00e5n insidan<\/h2>\t\t\t\t<\/div>\n\t\t\t\t<div class=\"elementor-element elementor-element-b34cdaa elementor-widget elementor-widget-text-editor\" data-id=\"b34cdaa\" data-element_type=\"widget\" data-e-type=\"widget\" data-widget_type=\"text-editor.default\">\n\t\t\t\t\t\t\t\t\t<p>Se hur Oxceed kan hj\u00e4lpa dig att spara tid, minska risken f\u00f6r fel och ge dig v\u00e4rdefulla insikter om f\u00f6retagets ekonomi.<\/p>\t\t\t\t\t\t\t\t<\/div>\n\t\t\t\t<div class=\"elementor-element elementor-element-b7b965c elementor-widget__width-auto elementor-mobile-align-justify elementor-widget elementor-widget-button\" data-id=\"b7b965c\" data-element_type=\"widget\" data-e-type=\"widget\" data-widget_type=\"button.default\">\n\t\t\t\t\t\t\t\t\t\t<a class=\"elementor-button elementor-button-link elementor-size-lg\" href=\"\/demo\">\n\t\t\t\t\t\t<span class=\"elementor-button-content-wrapper\">\n\t\t\t\t\t\t<span class=\"elementor-button-icon\">\n\t\t\t\t<svg aria-hidden=\"true\" class=\"e-font-icon-svg e-fas-arrow-right\" viewBox=\"0 0 448 512\" xmlns=\"http:\/\/www.w3.org\/2000\/svg\"><path d=\"M190.5 66.9l22.2-22.2c9.4-9.4 24.6-9.4 33.9 0L441 239c9.4 9.4 9.4 24.6 0 33.9L246.6 467.3c-9.4 9.4-24.6 9.4-33.9 0l-22.2-22.2c-9.5-9.5-9.3-25 .4-34.3L311.4 296H24c-13.3 0-24-10.7-24-24v-32c0-13.3 10.7-24 24-24h287.4L190.9 101.2c-9.8-9.3-10-24.8-.4-34.3z\"><\/path><\/svg>\t\t\t<\/span>\n\t\t\t\t\t\t\t\t\t<span class=\"elementor-button-text\">Boka demo<\/span>\n\t\t\t\t\t<\/span>\n\t\t\t\t\t<\/a>\n\t\t\t\t\t\t\t\t<\/div>\n\t\t\t\t\t<\/div>\n\t\t<\/div>\n\t\t\t\t<div class=\"elementor-column elementor-col-50 elementor-top-column elementor-element elementor-element-724eece\" data-id=\"724eece\" data-element_type=\"column\" data-e-type=\"column\" data-settings=\"{&quot;background_background&quot;:&quot;classic&quot;}\">\n\t\t\t<div class=\"elementor-widget-wrap elementor-element-populated\">\n\t\t\t\t\t\t<div class=\"elementor-element elementor-element-f218ba6 elementor-widget-divider--view-line elementor-widget elementor-widget-divider\" data-id=\"f218ba6\" data-element_type=\"widget\" data-e-type=\"widget\" data-widget_type=\"divider.default\">\n\t\t\t\t\t\t\t<div class=\"elementor-divider\">\n\t\t\t<span class=\"elementor-divider-separator\">\n\t\t\t\t\t\t<\/span>\n\t\t<\/div>\n\t\t\t\t\t\t<\/div>\n\t\t\t\t\t<\/div>\n\t\t<\/div>\n\t\t\t\t\t<\/div>\n\t\t<\/section>\n\t\t\t\t<section class=\"elementor-section elementor-top-section elementor-element elementor-element-77ea973 elementor-section-boxed elementor-section-height-default elementor-section-height-default\" data-id=\"77ea973\" data-element_type=\"section\" data-e-type=\"section\" data-settings=\"{&quot;jet_parallax_layout_list&quot;:[{&quot;jet_parallax_layout_image&quot;:{&quot;url&quot;:&quot;&quot;,&quot;id&quot;:&quot;&quot;,&quot;size&quot;:&quot;&quot;},&quot;_id&quot;:&quot;1c22da4&quot;,&quot;jet_parallax_layout_image_tablet&quot;:{&quot;url&quot;:&quot;&quot;,&quot;id&quot;:&quot;&quot;,&quot;size&quot;:&quot;&quot;},&quot;jet_parallax_layout_image_mobile&quot;:{&quot;url&quot;:&quot;&quot;,&quot;id&quot;:&quot;&quot;,&quot;size&quot;:&quot;&quot;},&quot;jet_parallax_layout_speed&quot;:{&quot;unit&quot;:&quot;%&quot;,&quot;size&quot;:50,&quot;sizes&quot;:[]},&quot;jet_parallax_layout_type&quot;:&quot;scroll&quot;,&quot;jet_parallax_layout_direction&quot;:&quot;1&quot;,&quot;jet_parallax_layout_fx_direction&quot;:null,&quot;jet_parallax_layout_z_index&quot;:&quot;&quot;,&quot;jet_parallax_layout_bg_x&quot;:50,&quot;jet_parallax_layout_bg_x_tablet&quot;:&quot;&quot;,&quot;jet_parallax_layout_bg_x_mobile&quot;:&quot;&quot;,&quot;jet_parallax_layout_bg_y&quot;:50,&quot;jet_parallax_layout_bg_y_tablet&quot;:&quot;&quot;,&quot;jet_parallax_layout_bg_y_mobile&quot;:&quot;&quot;,&quot;jet_parallax_layout_bg_size&quot;:&quot;auto&quot;,&quot;jet_parallax_layout_bg_size_tablet&quot;:&quot;&quot;,&quot;jet_parallax_layout_bg_size_mobile&quot;:&quot;&quot;,&quot;jet_parallax_layout_animation_prop&quot;:&quot;transform&quot;,&quot;jet_parallax_layout_on&quot;:[&quot;desktop&quot;,&quot;tablet&quot;]}]}\">\n\t\t\t\t\t\t<div class=\"elementor-container elementor-column-gap-default\">\n\t\t\t\t\t<div class=\"elementor-column elementor-col-100 elementor-top-column elementor-element elementor-element-8605311\" data-id=\"8605311\" data-element_type=\"column\" data-e-type=\"column\">\n\t\t\t<div class=\"elementor-widget-wrap elementor-element-populated\">\n\t\t\t\t\t\t<div class=\"elementor-element elementor-element-695a5d3 elementor-widget elementor-widget-heading\" data-id=\"695a5d3\" data-element_type=\"widget\" data-e-type=\"widget\" data-widget_type=\"heading.default\">\n\t\t\t\t\t<h2 class=\"elementor-heading-title elementor-size-default\">Var proaktiv och ha god insikt i verksamheten\n<\/h2>\t\t\t\t<\/div>\n\t\t\t\t<div class=\"elementor-element elementor-element-e981f00 elementor-widget elementor-widget-text-editor\" data-id=\"e981f00\" data-element_type=\"widget\" data-e-type=\"widget\" data-widget_type=\"text-editor.default\">\n\t\t\t\t\t\t\t\t\t<p>F\u00f6r att g\u00f6ra ett riktigt bra arbete som ekonomichef beh\u00f6ver du ocks\u00e5 ha en \u00f6vergripande f\u00f6rst\u00e5else f\u00f6r bolaget och aff\u00e4ren. Den f\u00f6rst\u00e5elsen g\u00f6r det m\u00f6jligt att st\u00f6tta VD och styrelse med <a href=\"https:\/\/oxceed.com\/se\/rapportering\/\">rapporter som skapar r\u00e4tt insikter<\/a> f\u00f6r att driva verksamheten i r\u00e4tt riktning.<\/p><p>En bra ekonomichef kan verksamheten v\u00e4l och skapar v\u00e4rdefulla insikter med hj\u00e4lp av relevanta och verksamhetsanpassade nyckeltal. Beroende p\u00e5 om ni \u00e4r ett techbolag, ett e-handelsf\u00f6retag eller en konsultbyr\u00e5 kommer det att vara olika typer nyckeltal som b\u00e4st beskriver hur det g\u00e5r f\u00f6r verksamheten.<\/p><p>Genom att <a href=\"https:\/\/oxceed.com\/se\/nyckeltal\/\">kombinera finansiella data med data fr\u00e5n er verksamhet kan ni skapa skr\u00e4ddarsydda nyckeltal<\/a> som lyfter fram ert f\u00f6retags specifika egenskaper.<\/p>\t\t\t\t\t\t\t\t<\/div>\n\t\t\t\t\t<\/div>\n\t\t<\/div>\n\t\t\t\t\t<\/div>\n\t\t<\/section>\n\t\t\t\t<section class=\"elementor-section elementor-top-section elementor-element elementor-element-331d2c0 elementor-section-stretched elementor-reverse-tablet elementor-reverse-mobile elementor-section-boxed elementor-section-height-default elementor-section-height-default\" data-id=\"331d2c0\" data-element_type=\"section\" data-e-type=\"section\" data-settings=\"{&quot;jet_parallax_layout_list&quot;:[],&quot;background_background&quot;:&quot;classic&quot;,&quot;stretch_section&quot;:&quot;section-stretched&quot;}\">\n\t\t\t\t\t\t<div class=\"elementor-container elementor-column-gap-default\">\n\t\t\t\t\t<div class=\"elementor-column elementor-col-50 elementor-top-column elementor-element elementor-element-f6aff7c\" data-id=\"f6aff7c\" data-element_type=\"column\" data-e-type=\"column\" data-settings=\"{&quot;background_background&quot;:&quot;classic&quot;}\">\n\t\t\t<div class=\"elementor-widget-wrap elementor-element-populated\">\n\t\t\t\t\t\t<div class=\"elementor-element elementor-element-0da2bf9 elementor-widget elementor-widget-heading\" data-id=\"0da2bf9\" data-element_type=\"widget\" data-e-type=\"widget\" data-widget_type=\"heading.default\">\n\t\t\t\t\t<h2 class=\"elementor-heading-title elementor-size-default\">Varf\u00f6r Oxceed? Lyssna p\u00e5 v\u00e5ra kunder.<\/h2>\t\t\t\t<\/div>\n\t\t\t\t<div class=\"elementor-element elementor-element-18db3fc elementor-widget elementor-widget-text-editor\" data-id=\"18db3fc\" data-element_type=\"widget\" data-e-type=\"widget\" data-widget_type=\"text-editor.default\">\n\t\t\t\t\t\t\t\t\t<p>Oxceed anv\u00e4nds av \u00f6ver 20 000 f\u00f6retag och 200 redovisningsbyr\u00e5er i Sverige. L\u00e4s v\u00e5ra kundcase och ta del av kundernas omd\u00f6men.\u00a0<\/p>\t\t\t\t\t\t\t\t<\/div>\n\t\t\t\t<div class=\"elementor-element elementor-element-639d1ae elementor-widget__width-auto elementor-mobile-align-justify elementor-widget elementor-widget-button\" data-id=\"639d1ae\" data-element_type=\"widget\" data-e-type=\"widget\" data-widget_type=\"button.default\">\n\t\t\t\t\t\t\t\t\t\t<a class=\"elementor-button elementor-button-link elementor-size-lg\" href=\"\/kundcase\">\n\t\t\t\t\t\t<span class=\"elementor-button-content-wrapper\">\n\t\t\t\t\t\t<span class=\"elementor-button-icon\">\n\t\t\t\t<svg aria-hidden=\"true\" class=\"e-font-icon-svg e-fas-arrow-right\" viewBox=\"0 0 448 512\" xmlns=\"http:\/\/www.w3.org\/2000\/svg\"><path d=\"M190.5 66.9l22.2-22.2c9.4-9.4 24.6-9.4 33.9 0L441 239c9.4 9.4 9.4 24.6 0 33.9L246.6 467.3c-9.4 9.4-24.6 9.4-33.9 0l-22.2-22.2c-9.5-9.5-9.3-25 .4-34.3L311.4 296H24c-13.3 0-24-10.7-24-24v-32c0-13.3 10.7-24 24-24h287.4L190.9 101.2c-9.8-9.3-10-24.8-.4-34.3z\"><\/path><\/svg>\t\t\t<\/span>\n\t\t\t\t\t\t\t\t\t<span class=\"elementor-button-text\">L\u00e4s kundcase<\/span>\n\t\t\t\t\t<\/span>\n\t\t\t\t\t<\/a>\n\t\t\t\t\t\t\t\t<\/div>\n\t\t\t\t\t<\/div>\n\t\t<\/div>\n\t\t\t\t<div class=\"elementor-column elementor-col-50 elementor-top-column elementor-element elementor-element-a6f245b\" data-id=\"a6f245b\" data-element_type=\"column\" data-e-type=\"column\" data-settings=\"{&quot;background_background&quot;:&quot;classic&quot;}\">\n\t\t\t<div class=\"elementor-widget-wrap elementor-element-populated\">\n\t\t\t\t\t\t<div class=\"elementor-element elementor-element-ffcd8a7 elementor-widget-divider--view-line elementor-widget elementor-widget-divider\" data-id=\"ffcd8a7\" data-element_type=\"widget\" data-e-type=\"widget\" data-widget_type=\"divider.default\">\n\t\t\t\t\t\t\t<div class=\"elementor-divider\">\n\t\t\t<span class=\"elementor-divider-separator\">\n\t\t\t\t\t\t<\/span>\n\t\t<\/div>\n\t\t\t\t\t\t<\/div>\n\t\t\t\t\t<\/div>\n\t\t<\/div>\n\t\t\t\t\t<\/div>\n\t\t<\/section>\n\t\t\t\t<section class=\"elementor-section elementor-top-section elementor-element elementor-element-da3ba7c elementor-section-boxed elementor-section-height-default elementor-section-height-default\" data-id=\"da3ba7c\" data-element_type=\"section\" data-e-type=\"section\" data-settings=\"{&quot;jet_parallax_layout_list&quot;:[{&quot;jet_parallax_layout_image&quot;:{&quot;url&quot;:&quot;&quot;,&quot;id&quot;:&quot;&quot;,&quot;size&quot;:&quot;&quot;},&quot;_id&quot;:&quot;1c22da4&quot;,&quot;jet_parallax_layout_image_tablet&quot;:{&quot;url&quot;:&quot;&quot;,&quot;id&quot;:&quot;&quot;,&quot;size&quot;:&quot;&quot;},&quot;jet_parallax_layout_image_mobile&quot;:{&quot;url&quot;:&quot;&quot;,&quot;id&quot;:&quot;&quot;,&quot;size&quot;:&quot;&quot;},&quot;jet_parallax_layout_speed&quot;:{&quot;unit&quot;:&quot;%&quot;,&quot;size&quot;:50,&quot;sizes&quot;:[]},&quot;jet_parallax_layout_type&quot;:&quot;scroll&quot;,&quot;jet_parallax_layout_direction&quot;:&quot;1&quot;,&quot;jet_parallax_layout_fx_direction&quot;:null,&quot;jet_parallax_layout_z_index&quot;:&quot;&quot;,&quot;jet_parallax_layout_bg_x&quot;:50,&quot;jet_parallax_layout_bg_x_tablet&quot;:&quot;&quot;,&quot;jet_parallax_layout_bg_x_mobile&quot;:&quot;&quot;,&quot;jet_parallax_layout_bg_y&quot;:50,&quot;jet_parallax_layout_bg_y_tablet&quot;:&quot;&quot;,&quot;jet_parallax_layout_bg_y_mobile&quot;:&quot;&quot;,&quot;jet_parallax_layout_bg_size&quot;:&quot;auto&quot;,&quot;jet_parallax_layout_bg_size_tablet&quot;:&quot;&quot;,&quot;jet_parallax_layout_bg_size_mobile&quot;:&quot;&quot;,&quot;jet_parallax_layout_animation_prop&quot;:&quot;transform&quot;,&quot;jet_parallax_layout_on&quot;:[&quot;desktop&quot;,&quot;tablet&quot;]}]}\">\n\t\t\t\t\t\t<div class=\"elementor-container elementor-column-gap-default\">\n\t\t\t\t\t<div class=\"elementor-column elementor-col-100 elementor-top-column elementor-element elementor-element-415b87d\" data-id=\"415b87d\" data-element_type=\"column\" data-e-type=\"column\">\n\t\t\t<div class=\"elementor-widget-wrap elementor-element-populated\">\n\t\t\t\t\t\t<div class=\"elementor-element elementor-element-0ce18d2 elementor-widget elementor-widget-heading\" data-id=\"0ce18d2\" data-element_type=\"widget\" data-e-type=\"widget\" data-widget_type=\"heading.default\">\n\t\t\t\t\t<h2 class=\"elementor-heading-title elementor-size-default\">Bli en duktig kommunikat\u00f6r<\/h2>\t\t\t\t<\/div>\n\t\t\t\t<div class=\"elementor-element elementor-element-786f3e6 elementor-widget elementor-widget-text-editor\" data-id=\"786f3e6\" data-element_type=\"widget\" data-e-type=\"widget\" data-widget_type=\"text-editor.default\">\n\t\t\t\t\t\t\t\t\t<p>F\u00f6r att bidra optimalt till verksamheten \u00e4r det avg\u00f6rande att du \u00e4r en duktig kommunikat\u00f6r som kan f\u00f6rmedla ditt budskap b\u00e5de internt och externt. I externa kontakter \u00e4r det vanligt att bolagets VD st\u00e5r i str\u00e5lkastarljuset. Men det \u00e4r en f\u00f6rdel om ekonomichefen kan kliva in som parh\u00e4st och st\u00f6tta budskapet. Det ger tyngd och \u00f6kar f\u00f6rtroendet f\u00f6r bolaget.<\/p><p>F\u00f6r att kommunicera bra beh\u00f6ver du som ekonomichef kunna f\u00f6rklara ekonomin p\u00e5 ett enkelt s\u00e4tt s\u00e5 att alla f\u00f6rst\u00e5r \u2013 oavsett om mottagaren \u00e4r ledningsgruppen, styrelsen, en investeringsfirma eller sm\u00e5sparare.<\/p><p>En viktig nyckel i detta \u00e4r tydliga och l\u00e4ttbegripliga rapporter. <a href=\"https:\/\/oxceed.com\/se\/smarta-rapporter\/\">De b\u00e4sta rapporterna \u00e4r anpassade till mottagaren och inneh\u00e5ller tydliga och grafer och diagram<\/a> som \u00e4r avskalade, utan \u00f6verlastande information.<\/p><p>Genom att anv\u00e4nda dig av ett modernt rapporteringsverktyg kan du enkelt ta fram skr\u00e4ddarsydda rapporter och samtidigt minimera risken f\u00f6r fel, som annars l\u00e4tt uppst\u00e5r om man annars g\u00f6r rapporteringen i Excel.<\/p>\t\t\t\t\t\t\t\t<\/div>\n\t\t\t\t\t<\/div>\n\t\t<\/div>\n\t\t\t\t\t<\/div>\n\t\t<\/section>\n\t\t\t\t<section class=\"elementor-section elementor-top-section elementor-element elementor-element-56e0751 elementor-section-boxed elementor-section-height-default elementor-section-height-default\" data-id=\"56e0751\" data-element_type=\"section\" data-e-type=\"section\" data-settings=\"{&quot;jet_parallax_layout_list&quot;:[{&quot;jet_parallax_layout_image&quot;:{&quot;url&quot;:&quot;&quot;,&quot;id&quot;:&quot;&quot;,&quot;size&quot;:&quot;&quot;},&quot;_id&quot;:&quot;e0656fd&quot;,&quot;jet_parallax_layout_image_tablet&quot;:{&quot;url&quot;:&quot;&quot;,&quot;id&quot;:&quot;&quot;,&quot;size&quot;:&quot;&quot;},&quot;jet_parallax_layout_image_mobile&quot;:{&quot;url&quot;:&quot;&quot;,&quot;id&quot;:&quot;&quot;,&quot;size&quot;:&quot;&quot;},&quot;jet_parallax_layout_speed&quot;:{&quot;unit&quot;:&quot;%&quot;,&quot;size&quot;:50,&quot;sizes&quot;:[]},&quot;jet_parallax_layout_type&quot;:&quot;scroll&quot;,&quot;jet_parallax_layout_direction&quot;:&quot;1&quot;,&quot;jet_parallax_layout_fx_direction&quot;:null,&quot;jet_parallax_layout_z_index&quot;:&quot;&quot;,&quot;jet_parallax_layout_bg_x&quot;:50,&quot;jet_parallax_layout_bg_x_tablet&quot;:&quot;&quot;,&quot;jet_parallax_layout_bg_x_mobile&quot;:&quot;&quot;,&quot;jet_parallax_layout_bg_y&quot;:50,&quot;jet_parallax_layout_bg_y_tablet&quot;:&quot;&quot;,&quot;jet_parallax_layout_bg_y_mobile&quot;:&quot;&quot;,&quot;jet_parallax_layout_bg_size&quot;:&quot;auto&quot;,&quot;jet_parallax_layout_bg_size_tablet&quot;:&quot;&quot;,&quot;jet_parallax_layout_bg_size_mobile&quot;:&quot;&quot;,&quot;jet_parallax_layout_animation_prop&quot;:&quot;transform&quot;,&quot;jet_parallax_layout_on&quot;:[&quot;desktop&quot;,&quot;tablet&quot;]}]}\">\n\t\t\t\t\t\t<div class=\"elementor-container elementor-column-gap-default\">\n\t\t\t\t\t<div class=\"elementor-column elementor-col-100 elementor-top-column elementor-element elementor-element-cf140d5\" data-id=\"cf140d5\" data-element_type=\"column\" data-e-type=\"column\">\n\t\t\t<div class=\"elementor-widget-wrap elementor-element-populated\">\n\t\t\t\t\t\t<div class=\"elementor-element elementor-element-fd7e12c elementor-widget elementor-widget-heading\" data-id=\"fd7e12c\" data-element_type=\"widget\" data-e-type=\"widget\" data-widget_type=\"heading.default\">\n\t\t\t\t\t<h3 class=\"elementor-heading-title elementor-size-default\">Vill du veta mer? <\/h3>\t\t\t\t<\/div>\n\t\t\t\t<div class=\"elementor-element elementor-element-2efe383 elementor-widget elementor-widget-raven-posts\" data-id=\"2efe383\" data-element_type=\"widget\" data-e-type=\"widget\" data-settings=\"{&quot;query_posts_per_page&quot;:4,&quot;classic_columns&quot;:&quot;2&quot;,&quot;_skin&quot;:&quot;classic&quot;,&quot;classic_layout&quot;:&quot;grid&quot;,&quot;classic_columns_tablet&quot;:&quot;2&quot;,&quot;classic_columns_mobile&quot;:&quot;1&quot;,&quot;query_offset&quot;:0}\" data-widget_type=\"raven-posts.classic\">\n\t\t\t\t<div class=\"elementor-widget-container\">\n\t\t\t\t\t\t\t<div class=\"raven-posts raven-grid raven-grid-2 raven-grid-mobile-1 raven-grid-tablet-2\" data-post-id=\"19932\" data-archive-query=\"\" data-lang=\"\">\n\t\t\t\t<div class=\"raven-grid-item raven-post-item post-25519 post type-post status-publish format-standard has-post-thumbnail hentry category-artiklar category-budget-prognos tag-cfo tag-ekonomichef tag-likviditet tag-likviditetsbudget\">\n\t\t\t<div class=\"raven-post\">\n\t\t\t\t\t\t<div class=\"raven-post-image-wrap\">\n\t\t\t<a class=\"raven-post-image raven-image-fit\" href=\"https:\/\/oxceed.com\/se\/artiklar\/budget-prognos\/fem-skal-att-undvika-excel-for-din-likviditetsbudget\/\"><img loading=\"lazy\" decoding=\"async\" width=\"768\" height=\"512\" src=\"https:\/\/oxceed.com\/se\/wp-content\/uploads\/sites\/21\/2024\/03\/fem-skal-att-undvika-excel-for-din-likviditetsbudget-768x512.jpeg\" class=\"attachment-medium_large size-medium_large wp-image-34260\" alt=\"Kvinna som g\u00f6r likviditetsbudget i excel\" srcset=\"https:\/\/oxceed.com\/se\/wp-content\/uploads\/sites\/21\/2024\/03\/fem-skal-att-undvika-excel-for-din-likviditetsbudget-768x512.jpeg 768w, https:\/\/oxceed.com\/se\/wp-content\/uploads\/sites\/21\/2024\/03\/fem-skal-att-undvika-excel-for-din-likviditetsbudget-1920x1281.jpeg 1920w, https:\/\/oxceed.com\/se\/wp-content\/uploads\/sites\/21\/2024\/03\/fem-skal-att-undvika-excel-for-din-likviditetsbudget-1536x1025.jpeg 1536w, https:\/\/oxceed.com\/se\/wp-content\/uploads\/sites\/21\/2024\/03\/fem-skal-att-undvika-excel-for-din-likviditetsbudget-2048x1366.jpeg 2048w\" sizes=\"auto, (max-width: 768px) 100vw, 768px\" \/> <span class=\"raven-post-image-overlay\"><\/span><\/a>\t\t<\/div>\n\t\t\t\t\t\t<div class=\"raven-post-content\">\n\t\t\t\t\t<h3 class=\"raven-post-title\"><a class=\"raven-post-title-link\" href=\"https:\/\/oxceed.com\/se\/artiklar\/budget-prognos\/fem-skal-att-undvika-excel-for-din-likviditetsbudget\/\">Fem sk\u00e4l att undvika Excel f\u00f6r din likviditetsbudget<\/a><\/h3>\t\t<div class=\"raven-post-read-more\">\n\t\t\t<a class=\"raven-post-button\" href=\"https:\/\/oxceed.com\/se\/artiklar\/budget-prognos\/fem-skal-att-undvika-excel-for-din-likviditetsbudget\/\"><span class=\"raven-post-button-text\">L\u00e4s mer<\/span><\/a>\n\t\t<\/div>\n\t\t\t\t\t\t<\/div>\n\t\t\t<\/div>\n\t\t<\/div>\n\t\t\t\t<div class=\"raven-grid-item raven-post-item post-37880 post type-post status-publish format-standard has-post-thumbnail hentry category-artiklar category-rapportering tag-cfo tag-redovisningsbyra tag-radgivning tag-spara-tid tag-arsbokslut\">\n\t\t\t<div class=\"raven-post\">\n\t\t\t\t\t\t<div class=\"raven-post-image-wrap\">\n\t\t\t<a class=\"raven-post-image raven-image-fit\" href=\"https:\/\/oxceed.com\/se\/artiklar\/fem-tips-infor-presentationen-av-arsbokslutet-2\/\"><img loading=\"lazy\" decoding=\"async\" width=\"768\" height=\"576\" src=\"https:\/\/oxceed.com\/se\/wp-content\/uploads\/sites\/21\/2026\/01\/Oxceed7353_val__highres_-scaled-1-768x576.jpeg\" class=\"attachment-medium_large size-medium_large wp-image-38142\" alt=\"\" srcset=\"https:\/\/oxceed.com\/se\/wp-content\/uploads\/sites\/21\/2026\/01\/Oxceed7353_val__highres_-scaled-1-768x576.jpeg 768w, https:\/\/oxceed.com\/se\/wp-content\/uploads\/sites\/21\/2026\/01\/Oxceed7353_val__highres_-scaled-1-1920x1440.jpeg 1920w, https:\/\/oxceed.com\/se\/wp-content\/uploads\/sites\/21\/2026\/01\/Oxceed7353_val__highres_-scaled-1-1536x1152.jpeg 1536w, https:\/\/oxceed.com\/se\/wp-content\/uploads\/sites\/21\/2026\/01\/Oxceed7353_val__highres_-scaled-1-2048x1536.jpeg 2048w, https:\/\/oxceed.com\/se\/wp-content\/uploads\/sites\/21\/2026\/01\/Oxceed7353_val__highres_-scaled-1-360x270.jpeg 360w\" sizes=\"auto, (max-width: 768px) 100vw, 768px\" \/> <span class=\"raven-post-image-overlay\"><\/span><\/a>\t\t<\/div>\n\t\t\t\t\t\t<div class=\"raven-post-content\">\n\t\t\t\t\t<h3 class=\"raven-post-title\"><a class=\"raven-post-title-link\" href=\"https:\/\/oxceed.com\/se\/artiklar\/fem-tips-infor-presentationen-av-arsbokslutet-2\/\">Fem tips inf\u00f6r presentationen av \u00e5rsbokslutet<\/a><\/h3>\t\t<div class=\"raven-post-read-more\">\n\t\t\t<a class=\"raven-post-button\" href=\"https:\/\/oxceed.com\/se\/artiklar\/fem-tips-infor-presentationen-av-arsbokslutet-2\/\"><span class=\"raven-post-button-text\">L\u00e4s mer<\/span><\/a>\n\t\t<\/div>\n\t\t\t\t\t\t<\/div>\n\t\t\t<\/div>\n\t\t<\/div>\n\t\t\t\t<div class=\"raven-grid-item raven-post-item post-19228 post type-post status-publish format-standard has-post-thumbnail hentry category-artiklar category-foretagsledning tag-cfo tag-ekonomichef\">\n\t\t\t<div class=\"raven-post\">\n\t\t\t\t\t\t<div class=\"raven-post-image-wrap\">\n\t\t\t<a class=\"raven-post-image raven-image-fit\" href=\"https:\/\/oxceed.com\/se\/artiklar\/foretagsledning\/tre-satt-att-prestera-battre-som-ekonomichef\/\"><img loading=\"lazy\" decoding=\"async\" width=\"768\" height=\"440\" src=\"https:\/\/oxceed.com\/se\/wp-content\/uploads\/sites\/21\/2023\/08\/sa-presterar-du-battre-som-ekonomichef-768x440.jpg\" class=\"attachment-medium_large size-medium_large wp-image-32075\" alt=\"Tre s\u00e4tt att prestera b\u00e4ttre som ekonomichef\" srcset=\"https:\/\/oxceed.com\/se\/wp-content\/uploads\/sites\/21\/2023\/08\/sa-presterar-du-battre-som-ekonomichef-768x440.jpg 768w, https:\/\/oxceed.com\/se\/wp-content\/uploads\/sites\/21\/2023\/08\/sa-presterar-du-battre-som-ekonomichef-1920x1100.jpg 1920w, https:\/\/oxceed.com\/se\/wp-content\/uploads\/sites\/21\/2023\/08\/sa-presterar-du-battre-som-ekonomichef-1536x880.jpg 1536w, https:\/\/oxceed.com\/se\/wp-content\/uploads\/sites\/21\/2023\/08\/sa-presterar-du-battre-som-ekonomichef-2048x1173.jpg 2048w\" sizes=\"auto, (max-width: 768px) 100vw, 768px\" \/> <span class=\"raven-post-image-overlay\"><\/span><\/a>\t\t<\/div>\n\t\t\t\t\t\t<div class=\"raven-post-content\">\n\t\t\t\t\t<h3 class=\"raven-post-title\"><a class=\"raven-post-title-link\" href=\"https:\/\/oxceed.com\/se\/artiklar\/foretagsledning\/tre-satt-att-prestera-battre-som-ekonomichef\/\">Tre s\u00e4tt att prestera b\u00e4ttre som ekonomichef<\/a><\/h3>\t\t<div class=\"raven-post-read-more\">\n\t\t\t<a class=\"raven-post-button\" href=\"https:\/\/oxceed.com\/se\/artiklar\/foretagsledning\/tre-satt-att-prestera-battre-som-ekonomichef\/\"><span class=\"raven-post-button-text\">L\u00e4s mer<\/span><\/a>\n\t\t<\/div>\n\t\t\t\t\t\t<\/div>\n\t\t\t<\/div>\n\t\t<\/div>\n\t\t\t\t<div class=\"raven-grid-item raven-post-item post-21225 post type-post status-publish format-standard has-post-thumbnail hentry category-artiklar category-foretagsledning tag-cfo tag-ekonomichef\">\n\t\t\t<div class=\"raven-post\">\n\t\t\t\t\t\t<div class=\"raven-post-image-wrap\">\n\t\t\t<a class=\"raven-post-image raven-image-fit\" href=\"https:\/\/oxceed.com\/se\/artiklar\/foretagsledning\/topp-tre-prio-pa-agendan-hos-landets-ekonomichefer\/\"><img loading=\"lazy\" decoding=\"async\" width=\"768\" height=\"512\" src=\"https:\/\/oxceed.com\/se\/wp-content\/uploads\/sites\/21\/2023\/08\/DSC7945-light-768x512.jpeg\" class=\"attachment-medium_large size-medium_large wp-image-22678\" alt=\"\" srcset=\"https:\/\/oxceed.com\/se\/wp-content\/uploads\/sites\/21\/2023\/08\/DSC7945-light-768x512.jpeg 768w, https:\/\/oxceed.com\/se\/wp-content\/uploads\/sites\/21\/2023\/08\/DSC7945-light-300x200.jpeg 300w, https:\/\/oxceed.com\/se\/wp-content\/uploads\/sites\/21\/2023\/08\/DSC7945-light-1024x683.jpeg 1024w, https:\/\/oxceed.com\/se\/wp-content\/uploads\/sites\/21\/2023\/08\/DSC7945-light-1536x1025.jpeg 1536w\" sizes=\"auto, (max-width: 768px) 100vw, 768px\" \/> <span class=\"raven-post-image-overlay\"><\/span><\/a>\t\t<\/div>\n\t\t\t\t\t\t<div class=\"raven-post-content\">\n\t\t\t\t\t<h3 class=\"raven-post-title\"><a class=\"raven-post-title-link\" href=\"https:\/\/oxceed.com\/se\/artiklar\/foretagsledning\/topp-tre-prio-pa-agendan-hos-landets-ekonomichefer\/\">H\u00f6gst upp p\u00e5 agendan hos svenska ekonomichefer? \u2013 Vi vet svaren<\/a><\/h3>\t\t<div class=\"raven-post-read-more\">\n\t\t\t<a class=\"raven-post-button\" href=\"https:\/\/oxceed.com\/se\/artiklar\/foretagsledning\/topp-tre-prio-pa-agendan-hos-landets-ekonomichefer\/\"><span class=\"raven-post-button-text\">L\u00e4s mer<\/span><\/a>\n\t\t<\/div>\n\t\t\t\t\t\t<\/div>\n\t\t\t<\/div>\n\t\t<\/div>\n\t\t\t\t<\/div>\n\t\t\t\t\t\t<\/div>\n\t\t\t\t<\/div>\n\t\t\t\t\t<\/div>\n\t\t<\/div>\n\t\t\t\t\t<\/div>\n\t\t<\/section>\n\t\t<div class=\"elementor-element elementor-element-fd0a177 e-flex e-con-boxed e-con e-parent\" data-id=\"fd0a177\" data-element_type=\"container\" data-e-type=\"container\" data-settings=\"{&quot;jet_parallax_layout_list&quot;:[]}\">\n\t\t\t\t\t<div class=\"e-con-inner\">\n\t\t\t\t\t<\/div>\n\t\t\t\t<\/div>\n\t\t\t\t<\/div>\n\t\t","protected":false},"excerpt":{"rendered":"<p>Ekonomiarbete \u00e4r p\u00e5 m\u00e5nga s\u00e4tt cykliskt och varje \u00e5r bygger du p\u00e5 dig erfarenheter och skapar rutiner som g\u00f6r dig mer f\u00f6rberedd och effektiv. Det finns dock egenskaper som kommer att utm\u00e4rka dig som en modern och fram\u00e5triktad ekonomichef. H\u00e4r \u00e4r tre omr\u00e5den du b\u00f6r fokusera p\u00e5 f\u00f6r att lyfta dig ytterligare en niv\u00e5. Jobba [&hellip;]<\/p>\n","protected":false},"author":2,"featured_media":31993,"comment_status":"closed","ping_status":"open","sticky":false,"template":"","format":"standard","meta":{"_acf_changed":false,"_trash_the_other_posts":false,"editor_notices":[],"footnotes":""},"categories":[1372367,1372506],"tags":[1372403,1372402],"class_list":["post-19932","post","type-post","status-publish","format-standard","has-post-thumbnail","hentry","category-artiklar","category-foretagsledning","tag-cfo","tag-ekonomichef"],"acf":[],"yoast_head":"<!-- This site is optimized with the Yoast SEO Premium plugin v26.5 (Yoast SEO v27.4) - https:\/\/yoast.com\/product\/yoast-seo-premium-wordpress\/ -->\n<title>S\u00e5 utm\u00e4rker du dig som ekonomichef 2025 - Oxceed Sweden<\/title>\n<meta name=\"robots\" content=\"index, follow, max-snippet:-1, max-image-preview:large, max-video-preview:-1\" \/>\n<link rel=\"canonical\" href=\"https:\/\/oxceed.com\/se\/se\/artiklar\/foretagsledning\/sa-utmarker-du-dig-som-ekonomichef\/\" \/>\n<meta property=\"og:locale\" content=\"en_GB\" \/>\n<meta property=\"og:type\" content=\"article\" \/>\n<meta property=\"og:title\" content=\"S\u00e5 utm\u00e4rker du dig som ekonomichef 2025\" \/>\n<meta property=\"og:description\" content=\"Ekonomiarbete \u00e4r p\u00e5 m\u00e5nga s\u00e4tt cykliskt och varje \u00e5r bygger du p\u00e5 dig erfarenheter och skapar rutiner som g\u00f6r dig mer f\u00f6rberedd och effektiv. Det finns dock egenskaper som kommer att utm\u00e4rka dig som en modern och fram\u00e5triktad ekonomichef. H\u00e4r \u00e4r tre omr\u00e5den du b\u00f6r fokusera p\u00e5 f\u00f6r att lyfta dig ytterligare en niv\u00e5. Jobba [&hellip;]\" \/>\n<meta property=\"og:url\" content=\"https:\/\/oxceed.com\/se\/se\/artiklar\/foretagsledning\/sa-utmarker-du-dig-som-ekonomichef\/\" \/>\n<meta property=\"og:site_name\" content=\"Oxceed Sweden\" \/>\n<meta property=\"article:published_time\" content=\"2024-12-18T11:46:23+00:00\" \/>\n<meta property=\"article:modified_time\" content=\"2025-08-29T09:00:03+00:00\" \/>\n<meta property=\"og:image\" content=\"https:\/\/oxceed.com\/se\/se\/wp-content\/uploads\/sites\/21\/2024\/12\/sa-utmarker-du-dig-som-ekonomichef-2025.jpg\" \/>\n\t<meta property=\"og:image:width\" content=\"1344\" \/>\n\t<meta property=\"og:image:height\" content=\"768\" \/>\n\t<meta property=\"og:image:type\" content=\"image\/jpeg\" \/>\n<meta name=\"author\" content=\"Martin Ericson\" \/>\n<meta name=\"twitter:card\" content=\"summary_large_image\" \/>\n<meta name=\"twitter:label1\" content=\"Written by\" \/>\n\t<meta name=\"twitter:data1\" content=\"Martin Ericson\" \/>\n\t<meta name=\"twitter:label2\" content=\"Estimated reading time\" \/>\n\t<meta name=\"twitter:data2\" content=\"4 minutes\" \/>\n<script type=\"application\/ld+json\" class=\"yoast-schema-graph\">{\"@context\":\"https:\\\/\\\/schema.org\",\"@graph\":[{\"@type\":\"Article\",\"@id\":\"https:\\\/\\\/oxceed.com\\\/se\\\/se\\\/artiklar\\\/foretagsledning\\\/sa-utmarker-du-dig-som-ekonomichef\\\/#article\",\"isPartOf\":{\"@id\":\"https:\\\/\\\/oxceed.com\\\/se\\\/se\\\/artiklar\\\/foretagsledning\\\/sa-utmarker-du-dig-som-ekonomichef\\\/\"},\"author\":{\"name\":\"Martin Ericson\",\"@id\":\"https:\\\/\\\/oxceed.com\\\/se\\\/#\\\/schema\\\/person\\\/b3e874d2e6116d756ef2aecb506e8880\"},\"headline\":\"S\u00e5 utm\u00e4rker du dig som ekonomichef 2025\",\"datePublished\":\"2024-12-18T11:46:23+00:00\",\"dateModified\":\"2025-08-29T09:00:03+00:00\",\"mainEntityOfPage\":{\"@id\":\"https:\\\/\\\/oxceed.com\\\/se\\\/se\\\/artiklar\\\/foretagsledning\\\/sa-utmarker-du-dig-som-ekonomichef\\\/\"},\"wordCount\":670,\"image\":{\"@id\":\"https:\\\/\\\/oxceed.com\\\/se\\\/se\\\/artiklar\\\/foretagsledning\\\/sa-utmarker-du-dig-som-ekonomichef\\\/#primaryimage\"},\"thumbnailUrl\":\"https:\\\/\\\/oxceed.com\\\/se\\\/wp-content\\\/uploads\\\/sites\\\/21\\\/2024\\\/12\\\/sa-utmarker-du-dig-som-ekonomichef-2025.jpg\",\"keywords\":[\"cfo\",\"ekonomichef\"],\"articleSection\":[\"Artiklar\",\"F\u00f6retagsledning\"],\"inLanguage\":\"en-GB\"},{\"@type\":\"WebPage\",\"@id\":\"https:\\\/\\\/oxceed.com\\\/se\\\/se\\\/artiklar\\\/foretagsledning\\\/sa-utmarker-du-dig-som-ekonomichef\\\/\",\"url\":\"https:\\\/\\\/oxceed.com\\\/se\\\/se\\\/artiklar\\\/foretagsledning\\\/sa-utmarker-du-dig-som-ekonomichef\\\/\",\"name\":\"S\u00e5 utm\u00e4rker du dig som ekonomichef 2025 - Oxceed Sweden\",\"isPartOf\":{\"@id\":\"https:\\\/\\\/oxceed.com\\\/se\\\/#website\"},\"primaryImageOfPage\":{\"@id\":\"https:\\\/\\\/oxceed.com\\\/se\\\/se\\\/artiklar\\\/foretagsledning\\\/sa-utmarker-du-dig-som-ekonomichef\\\/#primaryimage\"},\"image\":{\"@id\":\"https:\\\/\\\/oxceed.com\\\/se\\\/se\\\/artiklar\\\/foretagsledning\\\/sa-utmarker-du-dig-som-ekonomichef\\\/#primaryimage\"},\"thumbnailUrl\":\"https:\\\/\\\/oxceed.com\\\/se\\\/wp-content\\\/uploads\\\/sites\\\/21\\\/2024\\\/12\\\/sa-utmarker-du-dig-som-ekonomichef-2025.jpg\",\"datePublished\":\"2024-12-18T11:46:23+00:00\",\"dateModified\":\"2025-08-29T09:00:03+00:00\",\"author\":{\"@id\":\"https:\\\/\\\/oxceed.com\\\/se\\\/#\\\/schema\\\/person\\\/b3e874d2e6116d756ef2aecb506e8880\"},\"breadcrumb\":{\"@id\":\"https:\\\/\\\/oxceed.com\\\/se\\\/se\\\/artiklar\\\/foretagsledning\\\/sa-utmarker-du-dig-som-ekonomichef\\\/#breadcrumb\"},\"inLanguage\":\"en-GB\",\"potentialAction\":[{\"@type\":\"ReadAction\",\"target\":[\"https:\\\/\\\/oxceed.com\\\/se\\\/se\\\/artiklar\\\/foretagsledning\\\/sa-utmarker-du-dig-som-ekonomichef\\\/\"]}]},{\"@type\":\"ImageObject\",\"inLanguage\":\"en-GB\",\"@id\":\"https:\\\/\\\/oxceed.com\\\/se\\\/se\\\/artiklar\\\/foretagsledning\\\/sa-utmarker-du-dig-som-ekonomichef\\\/#primaryimage\",\"url\":\"https:\\\/\\\/oxceed.com\\\/se\\\/wp-content\\\/uploads\\\/sites\\\/21\\\/2024\\\/12\\\/sa-utmarker-du-dig-som-ekonomichef-2025.jpg\",\"contentUrl\":\"https:\\\/\\\/oxceed.com\\\/se\\\/wp-content\\\/uploads\\\/sites\\\/21\\\/2024\\\/12\\\/sa-utmarker-du-dig-som-ekonomichef-2025.jpg\",\"width\":1344,\"height\":768},{\"@type\":\"BreadcrumbList\",\"@id\":\"https:\\\/\\\/oxceed.com\\\/se\\\/se\\\/artiklar\\\/foretagsledning\\\/sa-utmarker-du-dig-som-ekonomichef\\\/#breadcrumb\",\"itemListElement\":[{\"@type\":\"ListItem\",\"position\":1,\"name\":\"Home\",\"item\":\"https:\\\/\\\/oxceed.com\\\/se\\\/\"},{\"@type\":\"ListItem\",\"position\":2,\"name\":\"S\u00e5 utm\u00e4rker du dig som ekonomichef 2025\"}]},{\"@type\":\"WebSite\",\"@id\":\"https:\\\/\\\/oxceed.com\\\/se\\\/#website\",\"url\":\"https:\\\/\\\/oxceed.com\\\/se\\\/\",\"name\":\"Oxceed Sweden\",\"description\":\"Fatta b\u00e4ttre beslut med Oxceed\",\"potentialAction\":[{\"@type\":\"SearchAction\",\"target\":{\"@type\":\"EntryPoint\",\"urlTemplate\":\"https:\\\/\\\/oxceed.com\\\/se\\\/?s={search_term_string}\"},\"query-input\":{\"@type\":\"PropertyValueSpecification\",\"valueRequired\":true,\"valueName\":\"search_term_string\"}}],\"inLanguage\":\"en-GB\"},{\"@type\":\"Person\",\"@id\":\"https:\\\/\\\/oxceed.com\\\/se\\\/#\\\/schema\\\/person\\\/b3e874d2e6116d756ef2aecb506e8880\",\"name\":\"Martin Ericson\",\"image\":{\"@type\":\"ImageObject\",\"inLanguage\":\"en-GB\",\"@id\":\"https:\\\/\\\/secure.gravatar.com\\\/avatar\\\/176e21de61385d9ffc7eefd75788ccd94753d7352703cc12f102b743159c03c2?s=96&d=identicon&r=g\",\"url\":\"https:\\\/\\\/secure.gravatar.com\\\/avatar\\\/176e21de61385d9ffc7eefd75788ccd94753d7352703cc12f102b743159c03c2?s=96&d=identicon&r=g\",\"contentUrl\":\"https:\\\/\\\/secure.gravatar.com\\\/avatar\\\/176e21de61385d9ffc7eefd75788ccd94753d7352703cc12f102b743159c03c2?s=96&d=identicon&r=g\",\"caption\":\"Martin Ericson\"}}]}<\/script>\n<!-- \/ Yoast SEO Premium plugin. -->","yoast_head_json":{"title":"S\u00e5 utm\u00e4rker du dig som ekonomichef 2025 - Oxceed Sweden","robots":{"index":"index","follow":"follow","max-snippet":"max-snippet:-1","max-image-preview":"max-image-preview:large","max-video-preview":"max-video-preview:-1"},"canonical":"https:\/\/oxceed.com\/se\/se\/artiklar\/foretagsledning\/sa-utmarker-du-dig-som-ekonomichef\/","og_locale":"en_GB","og_type":"article","og_title":"S\u00e5 utm\u00e4rker du dig som ekonomichef 2025","og_description":"Ekonomiarbete \u00e4r p\u00e5 m\u00e5nga s\u00e4tt cykliskt och varje \u00e5r bygger du p\u00e5 dig erfarenheter och skapar rutiner som g\u00f6r dig mer f\u00f6rberedd och effektiv. Det finns dock egenskaper som kommer att utm\u00e4rka dig som en modern och fram\u00e5triktad ekonomichef. H\u00e4r \u00e4r tre omr\u00e5den du b\u00f6r fokusera p\u00e5 f\u00f6r att lyfta dig ytterligare en niv\u00e5. Jobba [&hellip;]","og_url":"https:\/\/oxceed.com\/se\/se\/artiklar\/foretagsledning\/sa-utmarker-du-dig-som-ekonomichef\/","og_site_name":"Oxceed Sweden","article_published_time":"2024-12-18T11:46:23+00:00","article_modified_time":"2025-08-29T09:00:03+00:00","og_image":[{"width":1344,"height":768,"url":"https:\/\/oxceed.com\/se\/se\/wp-content\/uploads\/sites\/21\/2024\/12\/sa-utmarker-du-dig-som-ekonomichef-2025.jpg","type":"image\/jpeg"}],"author":"Martin Ericson","twitter_card":"summary_large_image","twitter_misc":{"Written by":"Martin Ericson","Estimated reading time":"4 minutes"},"schema":{"@context":"https:\/\/schema.org","@graph":[{"@type":"Article","@id":"https:\/\/oxceed.com\/se\/se\/artiklar\/foretagsledning\/sa-utmarker-du-dig-som-ekonomichef\/#article","isPartOf":{"@id":"https:\/\/oxceed.com\/se\/se\/artiklar\/foretagsledning\/sa-utmarker-du-dig-som-ekonomichef\/"},"author":{"name":"Martin Ericson","@id":"https:\/\/oxceed.com\/se\/#\/schema\/person\/b3e874d2e6116d756ef2aecb506e8880"},"headline":"S\u00e5 utm\u00e4rker du dig som ekonomichef 2025","datePublished":"2024-12-18T11:46:23+00:00","dateModified":"2025-08-29T09:00:03+00:00","mainEntityOfPage":{"@id":"https:\/\/oxceed.com\/se\/se\/artiklar\/foretagsledning\/sa-utmarker-du-dig-som-ekonomichef\/"},"wordCount":670,"image":{"@id":"https:\/\/oxceed.com\/se\/se\/artiklar\/foretagsledning\/sa-utmarker-du-dig-som-ekonomichef\/#primaryimage"},"thumbnailUrl":"https:\/\/oxceed.com\/se\/wp-content\/uploads\/sites\/21\/2024\/12\/sa-utmarker-du-dig-som-ekonomichef-2025.jpg","keywords":["cfo","ekonomichef"],"articleSection":["Artiklar","F\u00f6retagsledning"],"inLanguage":"en-GB"},{"@type":"WebPage","@id":"https:\/\/oxceed.com\/se\/se\/artiklar\/foretagsledning\/sa-utmarker-du-dig-som-ekonomichef\/","url":"https:\/\/oxceed.com\/se\/se\/artiklar\/foretagsledning\/sa-utmarker-du-dig-som-ekonomichef\/","name":"S\u00e5 utm\u00e4rker du dig som ekonomichef 2025 - Oxceed Sweden","isPartOf":{"@id":"https:\/\/oxceed.com\/se\/#website"},"primaryImageOfPage":{"@id":"https:\/\/oxceed.com\/se\/se\/artiklar\/foretagsledning\/sa-utmarker-du-dig-som-ekonomichef\/#primaryimage"},"image":{"@id":"https:\/\/oxceed.com\/se\/se\/artiklar\/foretagsledning\/sa-utmarker-du-dig-som-ekonomichef\/#primaryimage"},"thumbnailUrl":"https:\/\/oxceed.com\/se\/wp-content\/uploads\/sites\/21\/2024\/12\/sa-utmarker-du-dig-som-ekonomichef-2025.jpg","datePublished":"2024-12-18T11:46:23+00:00","dateModified":"2025-08-29T09:00:03+00:00","author":{"@id":"https:\/\/oxceed.com\/se\/#\/schema\/person\/b3e874d2e6116d756ef2aecb506e8880"},"breadcrumb":{"@id":"https:\/\/oxceed.com\/se\/se\/artiklar\/foretagsledning\/sa-utmarker-du-dig-som-ekonomichef\/#breadcrumb"},"inLanguage":"en-GB","potentialAction":[{"@type":"ReadAction","target":["https:\/\/oxceed.com\/se\/se\/artiklar\/foretagsledning\/sa-utmarker-du-dig-som-ekonomichef\/"]}]},{"@type":"ImageObject","inLanguage":"en-GB","@id":"https:\/\/oxceed.com\/se\/se\/artiklar\/foretagsledning\/sa-utmarker-du-dig-som-ekonomichef\/#primaryimage","url":"https:\/\/oxceed.com\/se\/wp-content\/uploads\/sites\/21\/2024\/12\/sa-utmarker-du-dig-som-ekonomichef-2025.jpg","contentUrl":"https:\/\/oxceed.com\/se\/wp-content\/uploads\/sites\/21\/2024\/12\/sa-utmarker-du-dig-som-ekonomichef-2025.jpg","width":1344,"height":768},{"@type":"BreadcrumbList","@id":"https:\/\/oxceed.com\/se\/se\/artiklar\/foretagsledning\/sa-utmarker-du-dig-som-ekonomichef\/#breadcrumb","itemListElement":[{"@type":"ListItem","position":1,"name":"Home","item":"https:\/\/oxceed.com\/se\/"},{"@type":"ListItem","position":2,"name":"S\u00e5 utm\u00e4rker du dig som ekonomichef 2025"}]},{"@type":"WebSite","@id":"https:\/\/oxceed.com\/se\/#website","url":"https:\/\/oxceed.com\/se\/","name":"Oxceed Sweden","description":"Fatta b\u00e4ttre beslut med Oxceed","potentialAction":[{"@type":"SearchAction","target":{"@type":"EntryPoint","urlTemplate":"https:\/\/oxceed.com\/se\/?s={search_term_string}"},"query-input":{"@type":"PropertyValueSpecification","valueRequired":true,"valueName":"search_term_string"}}],"inLanguage":"en-GB"},{"@type":"Person","@id":"https:\/\/oxceed.com\/se\/#\/schema\/person\/b3e874d2e6116d756ef2aecb506e8880","name":"Martin Ericson","image":{"@type":"ImageObject","inLanguage":"en-GB","@id":"https:\/\/secure.gravatar.com\/avatar\/176e21de61385d9ffc7eefd75788ccd94753d7352703cc12f102b743159c03c2?s=96&d=identicon&r=g","url":"https:\/\/secure.gravatar.com\/avatar\/176e21de61385d9ffc7eefd75788ccd94753d7352703cc12f102b743159c03c2?s=96&d=identicon&r=g","contentUrl":"https:\/\/secure.gravatar.com\/avatar\/176e21de61385d9ffc7eefd75788ccd94753d7352703cc12f102b743159c03c2?s=96&d=identicon&r=g","caption":"Martin Ericson"}}]}},"_links":{"self":[{"href":"https:\/\/oxceed.com\/se\/wp-json\/wp\/v2\/posts\/19932","targetHints":{"allow":["GET"]}}],"collection":[{"href":"https:\/\/oxceed.com\/se\/wp-json\/wp\/v2\/posts"}],"about":[{"href":"https:\/\/oxceed.com\/se\/wp-json\/wp\/v2\/types\/post"}],"author":[{"embeddable":true,"href":"https:\/\/oxceed.com\/se\/wp-json\/wp\/v2\/users\/2"}],"replies":[{"embeddable":true,"href":"https:\/\/oxceed.com\/se\/wp-json\/wp\/v2\/comments?post=19932"}],"version-history":[{"count":21,"href":"https:\/\/oxceed.com\/se\/wp-json\/wp\/v2\/posts\/19932\/revisions"}],"predecessor-version":[{"id":34067,"href":"https:\/\/oxceed.com\/se\/wp-json\/wp\/v2\/posts\/19932\/revisions\/34067"}],"wp:featuredmedia":[{"embeddable":true,"href":"https:\/\/oxceed.com\/se\/wp-json\/wp\/v2\/media\/31993"}],"wp:attachment":[{"href":"https:\/\/oxceed.com\/se\/wp-json\/wp\/v2\/media?parent=19932"}],"wp:term":[{"taxonomy":"category","embeddable":true,"href":"https:\/\/oxceed.com\/se\/wp-json\/wp\/v2\/categories?post=19932"},{"taxonomy":"post_tag","embeddable":true,"href":"https:\/\/oxceed.com\/se\/wp-json\/wp\/v2\/tags?post=19932"}],"curies":[{"name":"wp","href":"https:\/\/api.w.org\/{rel}","templated":true}]}}