{"id":22000,"date":"2023-09-07T09:20:17","date_gmt":"2023-09-07T07:20:17","guid":{"rendered":"https:\/\/oxceed.com\/se\/?p=22000"},"modified":"2025-08-29T11:17:29","modified_gmt":"2025-08-29T09:17:29","slug":"mer-tid-ekonomichefens-hogsta-drom","status":"publish","type":"post","link":"https:\/\/oxceed.com\/se\/artiklar\/foretagsledning\/mer-tid-ekonomichefens-hogsta-drom\/","title":{"rendered":"Mer tid &#8211; ekonomichefens h\u00f6gsta dr\u00f6m"},"content":{"rendered":"\t\t<div data-elementor-type=\"wp-post\" data-elementor-id=\"22000\" class=\"elementor elementor-22000\" data-elementor-post-type=\"post\">\n\t\t\t\t\t\t<section class=\"elementor-section elementor-top-section elementor-element elementor-element-f8021a9 elementor-section-boxed elementor-section-height-default elementor-section-height-default\" data-id=\"f8021a9\" data-element_type=\"section\" data-e-type=\"section\" data-settings=\"{&quot;jet_parallax_layout_list&quot;:[]}\">\n\t\t\t\t\t\t<div class=\"elementor-container elementor-column-gap-default\">\n\t\t\t\t\t<div class=\"elementor-column elementor-col-100 elementor-top-column elementor-element elementor-element-3034bde\" data-id=\"3034bde\" data-element_type=\"column\" data-e-type=\"column\">\n\t\t\t<div class=\"elementor-widget-wrap elementor-element-populated\">\n\t\t\t\t\t\t<div class=\"elementor-element elementor-element-3dad71e elementor-widget elementor-widget-heading\" data-id=\"3dad71e\" data-element_type=\"widget\" data-e-type=\"widget\" data-widget_type=\"heading.default\">\n\t\t\t\t\t<h2 class=\"elementor-heading-title elementor-size-default\">Att minska risken f\u00f6r fel i den ekonomiska rapporteringen ligger i topp p\u00e5 priolistan hos en \u00f6verv\u00e4gande del av landets ekonomichefer. Och med det kommer behovet av att effektivisera. Det framg\u00e5r tydligt i v\u00e5r unders\u00f6kning baserad p\u00e5 telefonintervjuer med \u00f6ver hundra svenska ekonomichefer. <\/h2>\t\t\t\t<\/div>\n\t\t\t\t\t<\/div>\n\t\t<\/div>\n\t\t\t\t\t<\/div>\n\t\t<\/section>\n\t\t\t\t<section class=\"elementor-section elementor-top-section elementor-element elementor-element-94d4470 elementor-section-boxed elementor-section-height-default elementor-section-height-default\" data-id=\"94d4470\" data-element_type=\"section\" data-e-type=\"section\" data-settings=\"{&quot;jet_parallax_layout_list&quot;:[{&quot;jet_parallax_layout_image&quot;:{&quot;url&quot;:&quot;&quot;,&quot;id&quot;:&quot;&quot;,&quot;size&quot;:&quot;&quot;},&quot;_id&quot;:&quot;1c22da4&quot;,&quot;jet_parallax_layout_image_tablet&quot;:{&quot;url&quot;:&quot;&quot;,&quot;id&quot;:&quot;&quot;,&quot;size&quot;:&quot;&quot;},&quot;jet_parallax_layout_image_mobile&quot;:{&quot;url&quot;:&quot;&quot;,&quot;id&quot;:&quot;&quot;,&quot;size&quot;:&quot;&quot;},&quot;jet_parallax_layout_speed&quot;:{&quot;unit&quot;:&quot;%&quot;,&quot;size&quot;:50,&quot;sizes&quot;:[]},&quot;jet_parallax_layout_type&quot;:&quot;scroll&quot;,&quot;jet_parallax_layout_direction&quot;:&quot;1&quot;,&quot;jet_parallax_layout_fx_direction&quot;:null,&quot;jet_parallax_layout_z_index&quot;:&quot;&quot;,&quot;jet_parallax_layout_bg_x&quot;:50,&quot;jet_parallax_layout_bg_x_tablet&quot;:&quot;&quot;,&quot;jet_parallax_layout_bg_x_mobile&quot;:&quot;&quot;,&quot;jet_parallax_layout_bg_y&quot;:50,&quot;jet_parallax_layout_bg_y_tablet&quot;:&quot;&quot;,&quot;jet_parallax_layout_bg_y_mobile&quot;:&quot;&quot;,&quot;jet_parallax_layout_bg_size&quot;:&quot;auto&quot;,&quot;jet_parallax_layout_bg_size_tablet&quot;:&quot;&quot;,&quot;jet_parallax_layout_bg_size_mobile&quot;:&quot;&quot;,&quot;jet_parallax_layout_animation_prop&quot;:&quot;transform&quot;,&quot;jet_parallax_layout_on&quot;:[&quot;desktop&quot;,&quot;tablet&quot;]}]}\">\n\t\t\t\t\t\t<div class=\"elementor-container elementor-column-gap-default\">\n\t\t\t\t\t<div class=\"elementor-column elementor-col-100 elementor-top-column elementor-element elementor-element-71761d5\" data-id=\"71761d5\" data-element_type=\"column\" data-e-type=\"column\">\n\t\t\t<div class=\"elementor-widget-wrap elementor-element-populated\">\n\t\t\t\t\t\t<div class=\"elementor-element elementor-element-6ccb251 elementor-widget elementor-widget-text-editor\" data-id=\"6ccb251\" data-element_type=\"widget\" data-e-type=\"widget\" data-widget_type=\"text-editor.default\">\n\t\t\t\t\t\t\t\t\t<p>Manuell inmatning och arbete i kalkylark \u00e4r huvudanledningarna till varf\u00f6r s\u00e5 m\u00e5nga med ansvar f\u00f6r den finansiella rapporteringen vill effektivisera sitt arbete. Tidsbristen \u00e4r markant och med det kommer risken f\u00f6r fel i rapporteringen.<\/p><p>En av de intervjuade ekonomicheferna i unders\u00f6kningen summerar det s\u00e5 h\u00e4r:<\/p><p>\u2013 N\u00e5got som jag n\u00e4stan alltid st\u00f6ter p\u00e5 \u00e4r att den finansiella rapporteringen pr\u00e4glas av manuell hantering och riskmoment.<\/p>\t\t\t\t\t\t\t\t<\/div>\n\t\t\t\t\t<\/div>\n\t\t<\/div>\n\t\t\t\t\t<\/div>\n\t\t<\/section>\n\t\t\t\t<section class=\"elementor-section elementor-top-section elementor-element elementor-element-bd1fe66 elementor-section-stretched elementor-reverse-tablet elementor-reverse-mobile elementor-section-boxed elementor-section-height-default elementor-section-height-default\" data-id=\"bd1fe66\" data-element_type=\"section\" data-e-type=\"section\" data-settings=\"{&quot;jet_parallax_layout_list&quot;:[],&quot;background_background&quot;:&quot;classic&quot;,&quot;stretch_section&quot;:&quot;section-stretched&quot;}\">\n\t\t\t\t\t\t<div class=\"elementor-container elementor-column-gap-default\">\n\t\t\t\t\t<div class=\"elementor-column elementor-col-50 elementor-top-column elementor-element elementor-element-85520d5\" data-id=\"85520d5\" data-element_type=\"column\" data-e-type=\"column\" data-settings=\"{&quot;background_background&quot;:&quot;classic&quot;}\">\n\t\t\t<div class=\"elementor-widget-wrap elementor-element-populated\">\n\t\t\t\t\t\t<div class=\"elementor-element elementor-element-b09a2d1 elementor-widget elementor-widget-heading\" data-id=\"b09a2d1\" data-element_type=\"widget\" data-e-type=\"widget\" data-widget_type=\"heading.default\">\n\t\t\t\t\t<h2 class=\"elementor-heading-title elementor-size-default\">Boka en demo och uppt\u00e4ck Oxceed fr\u00e5n insidan<\/h2>\t\t\t\t<\/div>\n\t\t\t\t<div class=\"elementor-element elementor-element-1083f44 elementor-widget elementor-widget-text-editor\" data-id=\"1083f44\" data-element_type=\"widget\" data-e-type=\"widget\" data-widget_type=\"text-editor.default\">\n\t\t\t\t\t\t\t\t\t<p>Se hur Oxceed kan hj\u00e4lpa dig att spara tid, minska risken f\u00f6r fel och ge dig v\u00e4rdefulla insikter om f\u00f6retagets ekonomi.<\/p>\t\t\t\t\t\t\t\t<\/div>\n\t\t\t\t<div class=\"elementor-element elementor-element-452bf7c elementor-widget__width-auto elementor-mobile-align-justify elementor-widget elementor-widget-button\" data-id=\"452bf7c\" data-element_type=\"widget\" data-e-type=\"widget\" data-widget_type=\"button.default\">\n\t\t\t\t\t\t\t\t\t\t<a class=\"elementor-button elementor-button-link elementor-size-lg\" href=\"\/demo\">\n\t\t\t\t\t\t<span class=\"elementor-button-content-wrapper\">\n\t\t\t\t\t\t<span class=\"elementor-button-icon\">\n\t\t\t\t<svg aria-hidden=\"true\" class=\"e-font-icon-svg e-fas-arrow-right\" viewBox=\"0 0 448 512\" xmlns=\"http:\/\/www.w3.org\/2000\/svg\"><path d=\"M190.5 66.9l22.2-22.2c9.4-9.4 24.6-9.4 33.9 0L441 239c9.4 9.4 9.4 24.6 0 33.9L246.6 467.3c-9.4 9.4-24.6 9.4-33.9 0l-22.2-22.2c-9.5-9.5-9.3-25 .4-34.3L311.4 296H24c-13.3 0-24-10.7-24-24v-32c0-13.3 10.7-24 24-24h287.4L190.9 101.2c-9.8-9.3-10-24.8-.4-34.3z\"><\/path><\/svg>\t\t\t<\/span>\n\t\t\t\t\t\t\t\t\t<span class=\"elementor-button-text\">Boka demo<\/span>\n\t\t\t\t\t<\/span>\n\t\t\t\t\t<\/a>\n\t\t\t\t\t\t\t\t<\/div>\n\t\t\t\t\t<\/div>\n\t\t<\/div>\n\t\t\t\t<div class=\"elementor-column elementor-col-50 elementor-top-column elementor-element elementor-element-1541768\" data-id=\"1541768\" data-element_type=\"column\" data-e-type=\"column\" data-settings=\"{&quot;background_background&quot;:&quot;classic&quot;}\">\n\t\t\t<div class=\"elementor-widget-wrap elementor-element-populated\">\n\t\t\t\t\t\t<div class=\"elementor-element elementor-element-5d19381 elementor-widget-divider--view-line elementor-widget elementor-widget-divider\" data-id=\"5d19381\" data-element_type=\"widget\" data-e-type=\"widget\" data-widget_type=\"divider.default\">\n\t\t\t\t\t\t\t<div class=\"elementor-divider\">\n\t\t\t<span class=\"elementor-divider-separator\">\n\t\t\t\t\t\t<\/span>\n\t\t<\/div>\n\t\t\t\t\t\t<\/div>\n\t\t\t\t\t<\/div>\n\t\t<\/div>\n\t\t\t\t\t<\/div>\n\t\t<\/section>\n\t\t\t\t<section class=\"elementor-section elementor-top-section elementor-element elementor-element-91485cd elementor-section-boxed elementor-section-height-default elementor-section-height-default\" data-id=\"91485cd\" data-element_type=\"section\" data-e-type=\"section\" data-settings=\"{&quot;jet_parallax_layout_list&quot;:[{&quot;jet_parallax_layout_image&quot;:{&quot;url&quot;:&quot;&quot;,&quot;id&quot;:&quot;&quot;,&quot;size&quot;:&quot;&quot;},&quot;_id&quot;:&quot;1c22da4&quot;,&quot;jet_parallax_layout_image_tablet&quot;:{&quot;url&quot;:&quot;&quot;,&quot;id&quot;:&quot;&quot;,&quot;size&quot;:&quot;&quot;},&quot;jet_parallax_layout_image_mobile&quot;:{&quot;url&quot;:&quot;&quot;,&quot;id&quot;:&quot;&quot;,&quot;size&quot;:&quot;&quot;},&quot;jet_parallax_layout_speed&quot;:{&quot;unit&quot;:&quot;%&quot;,&quot;size&quot;:50,&quot;sizes&quot;:[]},&quot;jet_parallax_layout_type&quot;:&quot;scroll&quot;,&quot;jet_parallax_layout_direction&quot;:&quot;1&quot;,&quot;jet_parallax_layout_fx_direction&quot;:null,&quot;jet_parallax_layout_z_index&quot;:&quot;&quot;,&quot;jet_parallax_layout_bg_x&quot;:50,&quot;jet_parallax_layout_bg_x_tablet&quot;:&quot;&quot;,&quot;jet_parallax_layout_bg_x_mobile&quot;:&quot;&quot;,&quot;jet_parallax_layout_bg_y&quot;:50,&quot;jet_parallax_layout_bg_y_tablet&quot;:&quot;&quot;,&quot;jet_parallax_layout_bg_y_mobile&quot;:&quot;&quot;,&quot;jet_parallax_layout_bg_size&quot;:&quot;auto&quot;,&quot;jet_parallax_layout_bg_size_tablet&quot;:&quot;&quot;,&quot;jet_parallax_layout_bg_size_mobile&quot;:&quot;&quot;,&quot;jet_parallax_layout_animation_prop&quot;:&quot;transform&quot;,&quot;jet_parallax_layout_on&quot;:[&quot;desktop&quot;,&quot;tablet&quot;]}]}\">\n\t\t\t\t\t\t<div class=\"elementor-container elementor-column-gap-default\">\n\t\t\t\t\t<div class=\"elementor-column elementor-col-100 elementor-top-column elementor-element elementor-element-25fe33c\" data-id=\"25fe33c\" data-element_type=\"column\" data-e-type=\"column\">\n\t\t\t<div class=\"elementor-widget-wrap elementor-element-populated\">\n\t\t\t\t\t\t<div class=\"elementor-element elementor-element-3cae491 elementor-widget elementor-widget-heading\" data-id=\"3cae491\" data-element_type=\"widget\" data-e-type=\"widget\" data-widget_type=\"heading.default\">\n\t\t\t\t\t<h2 class=\"elementor-heading-title elementor-size-default\">M\u00e5ste leverera siffror som st\u00e4mmer<\/h2>\t\t\t\t<\/div>\n\t\t\t\t<div class=\"elementor-element elementor-element-c7487bb elementor-widget elementor-widget-text-editor\" data-id=\"c7487bb\" data-element_type=\"widget\" data-e-type=\"widget\" data-widget_type=\"text-editor.default\">\n\t\t\t\t\t\t\t\t\t<p>N\u00e4r tiden inte finns blir risken f\u00f6r fel p\u00e5fallande, n\u00e5got som p\u00e5 sikt kan vara f\u00f6r\u00f6dande. F\u00f6r oavsett f\u00f6retag \u00e4r det viktigt att ha r\u00e4tt siffror. En av de m\u00e5nga ekonomicheferna pratade direkt om k\u00e4rnan i problemet, att kunna lita p\u00e5 siffrorna och snabbt f\u00e5 en \u00f6verblick:<\/p><p>\u2013 Det \u00e4r avg\u00f6rande f\u00f6r oss att ha full kontroll p\u00e5 siffror och budget. Vi m\u00e5ste leverera siffror som st\u00e4mmer, i tid, och f\u00f6r att g\u00f6ra det beh\u00f6ver vi snabbt kunna f\u00e5 en \u00f6verblick \u00f6ver v\u00e5r data och anv\u00e4nda som grund n\u00e4r vi tar beslut.<\/p><p>Det \u00e4r inte sv\u00e5rt att lista ut att konstant tidspress minskar tiden som skulle kunna l\u00e4ggas p\u00e5 analys av siffror och annan viktig data. En annan ekonomichef f\u00f6rklarade det s\u00e5 h\u00e4r:<\/p><p>\u2013 Jag brukar fr\u00e5ga mig varf\u00f6r ska jag l\u00e4gga 90% p\u00e5 att samla in siffrorna och bara 10% p\u00e5 analys? S\u00e5 min prio \u00e4r att underl\u00e4tta s\u00e5 att jag kan l\u00e4gga mer tid p\u00e5 analys. Ofta g\u00f6r man det v\u00e4ldigt sv\u00e5rt f\u00f6r sig.<\/p>\t\t\t\t\t\t\t\t<\/div>\n\t\t\t\t\t<\/div>\n\t\t<\/div>\n\t\t\t\t\t<\/div>\n\t\t<\/section>\n\t\t\t\t<section class=\"elementor-section elementor-top-section elementor-element elementor-element-53585bb elementor-section-boxed elementor-section-height-default elementor-section-height-default\" data-id=\"53585bb\" data-element_type=\"section\" data-e-type=\"section\" data-settings=\"{&quot;jet_parallax_layout_list&quot;:[{&quot;jet_parallax_layout_image&quot;:{&quot;url&quot;:&quot;&quot;,&quot;id&quot;:&quot;&quot;,&quot;size&quot;:&quot;&quot;},&quot;_id&quot;:&quot;1c22da4&quot;,&quot;jet_parallax_layout_image_tablet&quot;:{&quot;url&quot;:&quot;&quot;,&quot;id&quot;:&quot;&quot;,&quot;size&quot;:&quot;&quot;},&quot;jet_parallax_layout_image_mobile&quot;:{&quot;url&quot;:&quot;&quot;,&quot;id&quot;:&quot;&quot;,&quot;size&quot;:&quot;&quot;},&quot;jet_parallax_layout_speed&quot;:{&quot;unit&quot;:&quot;%&quot;,&quot;size&quot;:50,&quot;sizes&quot;:[]},&quot;jet_parallax_layout_type&quot;:&quot;scroll&quot;,&quot;jet_parallax_layout_direction&quot;:&quot;1&quot;,&quot;jet_parallax_layout_fx_direction&quot;:null,&quot;jet_parallax_layout_z_index&quot;:&quot;&quot;,&quot;jet_parallax_layout_bg_x&quot;:50,&quot;jet_parallax_layout_bg_x_tablet&quot;:&quot;&quot;,&quot;jet_parallax_layout_bg_x_mobile&quot;:&quot;&quot;,&quot;jet_parallax_layout_bg_y&quot;:50,&quot;jet_parallax_layout_bg_y_tablet&quot;:&quot;&quot;,&quot;jet_parallax_layout_bg_y_mobile&quot;:&quot;&quot;,&quot;jet_parallax_layout_bg_size&quot;:&quot;auto&quot;,&quot;jet_parallax_layout_bg_size_tablet&quot;:&quot;&quot;,&quot;jet_parallax_layout_bg_size_mobile&quot;:&quot;&quot;,&quot;jet_parallax_layout_animation_prop&quot;:&quot;transform&quot;,&quot;jet_parallax_layout_on&quot;:[&quot;desktop&quot;,&quot;tablet&quot;]}]}\">\n\t\t\t\t\t\t<div class=\"elementor-container elementor-column-gap-default\">\n\t\t\t\t\t<div class=\"elementor-column elementor-col-100 elementor-top-column elementor-element elementor-element-175b8a3\" data-id=\"175b8a3\" data-element_type=\"column\" data-e-type=\"column\">\n\t\t\t<div class=\"elementor-widget-wrap elementor-element-populated\">\n\t\t\t\t\t\t<div class=\"elementor-element elementor-element-7437986 elementor-widget elementor-widget-heading\" data-id=\"7437986\" data-element_type=\"widget\" data-e-type=\"widget\" data-widget_type=\"heading.default\">\n\t\t\t\t\t<h2 class=\"elementor-heading-title elementor-size-default\">En mer datadriven ekonomifunktion<\/h2>\t\t\t\t<\/div>\n\t\t\t\t<div class=\"elementor-element elementor-element-f2eba92 elementor-widget elementor-widget-text-editor\" data-id=\"f2eba92\" data-element_type=\"widget\" data-e-type=\"widget\" data-widget_type=\"text-editor.default\">\n\t\t\t\t\t\t\t\t\t<p>En stor prioritering som ofta n\u00e4mndes hos de vi intervjuade var att g\u00f6ra ekonomifunktionen mer datadriven \u2013 just f\u00f6r att spara b\u00e5de tid och undvika misstag. H\u00e4r kom automatisering av olika ekonomiprocesser snabbt fram som en viktig l\u00f6sning p\u00e5 problemet\u00a0 eftersom det skulle frig\u00f6ra tid f\u00f6r andra uppgifter samtidigt som risken f\u00f6r felaktigheter skulle minska.<\/p><p>S\u00e5 h\u00e4r svarade en av ekonomicheferna:<\/p><p>\u2013 Idag har vi en v\u00e4ldigt manuell process f\u00f6r fakturering, s\u00e5 vi letar efter ett verktyg f\u00f6r att automatisera detta. Men \u00e4ven ett rapporteringsverktyg f\u00f6r att g\u00f6ra rapportering och analys mer effektivt.<\/p><p>M\u00e5nga p\u00e5pekade dessutom behovet av att f\u00e5 till en effektiv rapportering som kan anpassas utifr\u00e5n olika m\u00e5lgrupper och niv\u00e5er i organisationen. Att kunna presentera informationen p\u00e5 ett tydligt och l\u00e4ttf\u00f6rst\u00e5eligt s\u00e4tt minskar \u00e4ven det risken f\u00f6r missf\u00f6rst\u00e5nd \u2013 och i f\u00f6rl\u00e4ngningen felaktigheter.<\/p><p>En CFO ber\u00e4ttade f\u00f6ljande:<\/p><p>\u2013 V\u00e5rt f\u00f6retags viktigaste grund \u00e4r f\u00f6rm\u00e5gan att fatta v\u00e4lgrundade beslut. Men f\u00f6r att g\u00f6ra det m\u00e5ste vi kunna lita p\u00e5 siffrorna och j\u00e4mf\u00f6ra dem. Tyv\u00e4rr kan vi inte alltid g\u00f6ra det idag.<\/p>\t\t\t\t\t\t\t\t<\/div>\n\t\t\t\t\t<\/div>\n\t\t<\/div>\n\t\t\t\t\t<\/div>\n\t\t<\/section>\n\t\t\t\t<section class=\"elementor-section elementor-top-section elementor-element elementor-element-18c87f3 elementor-section-stretched elementor-reverse-tablet elementor-reverse-mobile elementor-section-boxed elementor-section-height-default elementor-section-height-default\" data-id=\"18c87f3\" data-element_type=\"section\" data-e-type=\"section\" data-settings=\"{&quot;jet_parallax_layout_list&quot;:[],&quot;background_background&quot;:&quot;classic&quot;,&quot;stretch_section&quot;:&quot;section-stretched&quot;}\">\n\t\t\t\t\t\t<div class=\"elementor-container elementor-column-gap-default\">\n\t\t\t\t\t<div class=\"elementor-column elementor-col-50 elementor-top-column elementor-element elementor-element-e885da7\" data-id=\"e885da7\" data-element_type=\"column\" data-e-type=\"column\" data-settings=\"{&quot;background_background&quot;:&quot;classic&quot;}\">\n\t\t\t<div class=\"elementor-widget-wrap elementor-element-populated\">\n\t\t\t\t\t\t<div class=\"elementor-element elementor-element-49a4577 elementor-widget elementor-widget-heading\" data-id=\"49a4577\" data-element_type=\"widget\" data-e-type=\"widget\" data-widget_type=\"heading.default\">\n\t\t\t\t\t<h2 class=\"elementor-heading-title elementor-size-default\">Varf\u00f6r Oxceed? Lyssna p\u00e5 v\u00e5ra kunder.<\/h2>\t\t\t\t<\/div>\n\t\t\t\t<div class=\"elementor-element elementor-element-838e664 elementor-widget elementor-widget-text-editor\" data-id=\"838e664\" data-element_type=\"widget\" data-e-type=\"widget\" data-widget_type=\"text-editor.default\">\n\t\t\t\t\t\t\t\t\t<p>Oxceed anv\u00e4nds av \u00f6ver 15 000 f\u00f6retag och 200 redovisningsbyr\u00e5er i Sverige. L\u00e4s fler av v\u00e5ra kunders omd\u00f6men i v\u00e5ra kundcase.\u00a0<\/p>\t\t\t\t\t\t\t\t<\/div>\n\t\t\t\t<div class=\"elementor-element elementor-element-3691e9f elementor-widget__width-auto elementor-mobile-align-justify elementor-widget elementor-widget-button\" data-id=\"3691e9f\" data-element_type=\"widget\" data-e-type=\"widget\" data-widget_type=\"button.default\">\n\t\t\t\t\t\t\t\t\t\t<a class=\"elementor-button elementor-button-link elementor-size-lg\" href=\"\/kundcase\">\n\t\t\t\t\t\t<span class=\"elementor-button-content-wrapper\">\n\t\t\t\t\t\t<span class=\"elementor-button-icon\">\n\t\t\t\t<svg aria-hidden=\"true\" class=\"e-font-icon-svg e-fas-arrow-right\" viewBox=\"0 0 448 512\" xmlns=\"http:\/\/www.w3.org\/2000\/svg\"><path d=\"M190.5 66.9l22.2-22.2c9.4-9.4 24.6-9.4 33.9 0L441 239c9.4 9.4 9.4 24.6 0 33.9L246.6 467.3c-9.4 9.4-24.6 9.4-33.9 0l-22.2-22.2c-9.5-9.5-9.3-25 .4-34.3L311.4 296H24c-13.3 0-24-10.7-24-24v-32c0-13.3 10.7-24 24-24h287.4L190.9 101.2c-9.8-9.3-10-24.8-.4-34.3z\"><\/path><\/svg>\t\t\t<\/span>\n\t\t\t\t\t\t\t\t\t<span class=\"elementor-button-text\">Uppt\u00e4ck v\u00e5ra kundcase<\/span>\n\t\t\t\t\t<\/span>\n\t\t\t\t\t<\/a>\n\t\t\t\t\t\t\t\t<\/div>\n\t\t\t\t\t<\/div>\n\t\t<\/div>\n\t\t\t\t<div class=\"elementor-column elementor-col-50 elementor-top-column elementor-element elementor-element-631be1a\" data-id=\"631be1a\" data-element_type=\"column\" data-e-type=\"column\" data-settings=\"{&quot;background_background&quot;:&quot;classic&quot;}\">\n\t\t\t<div class=\"elementor-widget-wrap elementor-element-populated\">\n\t\t\t\t\t\t<div class=\"elementor-element elementor-element-aa2535f elementor-widget-divider--view-line elementor-widget elementor-widget-divider\" data-id=\"aa2535f\" data-element_type=\"widget\" data-e-type=\"widget\" data-widget_type=\"divider.default\">\n\t\t\t\t\t\t\t<div class=\"elementor-divider\">\n\t\t\t<span class=\"elementor-divider-separator\">\n\t\t\t\t\t\t<\/span>\n\t\t<\/div>\n\t\t\t\t\t\t<\/div>\n\t\t\t\t\t<\/div>\n\t\t<\/div>\n\t\t\t\t\t<\/div>\n\t\t<\/section>\n\t\t\t\t<section class=\"elementor-section elementor-top-section elementor-element elementor-element-ad3525b elementor-section-boxed elementor-section-height-default elementor-section-height-default\" data-id=\"ad3525b\" data-element_type=\"section\" data-e-type=\"section\" data-settings=\"{&quot;jet_parallax_layout_list&quot;:[{&quot;jet_parallax_layout_image&quot;:{&quot;url&quot;:&quot;&quot;,&quot;id&quot;:&quot;&quot;,&quot;size&quot;:&quot;&quot;},&quot;_id&quot;:&quot;1c22da4&quot;,&quot;jet_parallax_layout_image_tablet&quot;:{&quot;url&quot;:&quot;&quot;,&quot;id&quot;:&quot;&quot;,&quot;size&quot;:&quot;&quot;},&quot;jet_parallax_layout_image_mobile&quot;:{&quot;url&quot;:&quot;&quot;,&quot;id&quot;:&quot;&quot;,&quot;size&quot;:&quot;&quot;},&quot;jet_parallax_layout_speed&quot;:{&quot;unit&quot;:&quot;%&quot;,&quot;size&quot;:50,&quot;sizes&quot;:[]},&quot;jet_parallax_layout_type&quot;:&quot;scroll&quot;,&quot;jet_parallax_layout_direction&quot;:&quot;1&quot;,&quot;jet_parallax_layout_fx_direction&quot;:null,&quot;jet_parallax_layout_z_index&quot;:&quot;&quot;,&quot;jet_parallax_layout_bg_x&quot;:50,&quot;jet_parallax_layout_bg_x_tablet&quot;:&quot;&quot;,&quot;jet_parallax_layout_bg_x_mobile&quot;:&quot;&quot;,&quot;jet_parallax_layout_bg_y&quot;:50,&quot;jet_parallax_layout_bg_y_tablet&quot;:&quot;&quot;,&quot;jet_parallax_layout_bg_y_mobile&quot;:&quot;&quot;,&quot;jet_parallax_layout_bg_size&quot;:&quot;auto&quot;,&quot;jet_parallax_layout_bg_size_tablet&quot;:&quot;&quot;,&quot;jet_parallax_layout_bg_size_mobile&quot;:&quot;&quot;,&quot;jet_parallax_layout_animation_prop&quot;:&quot;transform&quot;,&quot;jet_parallax_layout_on&quot;:[&quot;desktop&quot;,&quot;tablet&quot;]}]}\">\n\t\t\t\t\t\t<div class=\"elementor-container elementor-column-gap-default\">\n\t\t\t\t\t<div class=\"elementor-column elementor-col-100 elementor-top-column elementor-element elementor-element-ad22cbb\" data-id=\"ad22cbb\" data-element_type=\"column\" data-e-type=\"column\">\n\t\t\t<div class=\"elementor-widget-wrap elementor-element-populated\">\n\t\t\t\t\t\t<div class=\"elementor-element elementor-element-ffaa4df elementor-widget elementor-widget-heading\" data-id=\"ffaa4df\" data-element_type=\"widget\" data-e-type=\"widget\" data-widget_type=\"heading.default\">\n\t\t\t\t\t<h2 class=\"elementor-heading-title elementor-size-default\">Mindre fel och mer effektivitet<\/h2>\t\t\t\t<\/div>\n\t\t\t\t<div class=\"elementor-element elementor-element-7081284 elementor-widget elementor-widget-text-editor\" data-id=\"7081284\" data-element_type=\"widget\" data-e-type=\"widget\" data-widget_type=\"text-editor.default\">\n\t\t\t\t\t\t\t\t\t<p>Sammanfattat \u00f6nskade de \u00f6ver hundra intervjuade ekonomicheferna att det fanns mer tid f\u00f6r analys av siffrorna och att kunna k\u00e4nna sig trygga i att datan de f\u00e5r ut faktiskt st\u00e4mmer.<\/p><p>\u2013 Man beh\u00f6ver helt enkelt f\u00e5 koll. D\u00e5 beh\u00f6vs korrekta data och m\u00f6jligheten att snabbt ta fram relevanta rapporter.<\/p><p>L\u00f6sningen p\u00e5 problemet summerades relativt enh\u00e4lligt av ekonomicheferna: \u00f6kad automatisering av arbetsuppgifter och processer f\u00f6r att spara tid och minimera de manuella riskmomenten.<\/p>\t\t\t\t\t\t\t\t<\/div>\n\t\t\t\t\t<\/div>\n\t\t<\/div>\n\t\t\t\t\t<\/div>\n\t\t<\/section>\n\t\t\t\t<section class=\"elementor-section elementor-top-section elementor-element elementor-element-d6dbbec elementor-section-boxed elementor-section-height-default elementor-section-height-default\" data-id=\"d6dbbec\" data-element_type=\"section\" data-e-type=\"section\" data-settings=\"{&quot;jet_parallax_layout_list&quot;:[{&quot;jet_parallax_layout_image&quot;:{&quot;url&quot;:&quot;&quot;,&quot;id&quot;:&quot;&quot;,&quot;size&quot;:&quot;&quot;},&quot;_id&quot;:&quot;e0656fd&quot;,&quot;jet_parallax_layout_image_tablet&quot;:{&quot;url&quot;:&quot;&quot;,&quot;id&quot;:&quot;&quot;,&quot;size&quot;:&quot;&quot;},&quot;jet_parallax_layout_image_mobile&quot;:{&quot;url&quot;:&quot;&quot;,&quot;id&quot;:&quot;&quot;,&quot;size&quot;:&quot;&quot;},&quot;jet_parallax_layout_speed&quot;:{&quot;unit&quot;:&quot;%&quot;,&quot;size&quot;:50,&quot;sizes&quot;:[]},&quot;jet_parallax_layout_type&quot;:&quot;scroll&quot;,&quot;jet_parallax_layout_direction&quot;:&quot;1&quot;,&quot;jet_parallax_layout_fx_direction&quot;:null,&quot;jet_parallax_layout_z_index&quot;:&quot;&quot;,&quot;jet_parallax_layout_bg_x&quot;:50,&quot;jet_parallax_layout_bg_x_tablet&quot;:&quot;&quot;,&quot;jet_parallax_layout_bg_x_mobile&quot;:&quot;&quot;,&quot;jet_parallax_layout_bg_y&quot;:50,&quot;jet_parallax_layout_bg_y_tablet&quot;:&quot;&quot;,&quot;jet_parallax_layout_bg_y_mobile&quot;:&quot;&quot;,&quot;jet_parallax_layout_bg_size&quot;:&quot;auto&quot;,&quot;jet_parallax_layout_bg_size_tablet&quot;:&quot;&quot;,&quot;jet_parallax_layout_bg_size_mobile&quot;:&quot;&quot;,&quot;jet_parallax_layout_animation_prop&quot;:&quot;transform&quot;,&quot;jet_parallax_layout_on&quot;:[&quot;desktop&quot;,&quot;tablet&quot;]}]}\">\n\t\t\t\t\t\t<div class=\"elementor-container elementor-column-gap-default\">\n\t\t\t\t\t<div class=\"elementor-column elementor-col-100 elementor-top-column elementor-element elementor-element-d979086\" data-id=\"d979086\" data-element_type=\"column\" data-e-type=\"column\">\n\t\t\t<div class=\"elementor-widget-wrap elementor-element-populated\">\n\t\t\t\t\t\t<div class=\"elementor-element elementor-element-bc27756 elementor-widget elementor-widget-heading\" data-id=\"bc27756\" data-element_type=\"widget\" data-e-type=\"widget\" data-widget_type=\"heading.default\">\n\t\t\t\t\t<h3 class=\"elementor-heading-title elementor-size-default\">Vill du veta mer? <\/h3>\t\t\t\t<\/div>\n\t\t\t\t<div class=\"elementor-element elementor-element-5dbbd07 elementor-widget elementor-widget-raven-posts\" data-id=\"5dbbd07\" data-element_type=\"widget\" data-e-type=\"widget\" data-settings=\"{&quot;query_posts_per_page&quot;:4,&quot;classic_columns&quot;:&quot;2&quot;,&quot;_skin&quot;:&quot;classic&quot;,&quot;classic_layout&quot;:&quot;grid&quot;,&quot;classic_columns_tablet&quot;:&quot;2&quot;,&quot;classic_columns_mobile&quot;:&quot;1&quot;,&quot;query_offset&quot;:0}\" data-widget_type=\"raven-posts.classic\">\n\t\t\t\t<div class=\"elementor-widget-container\">\n\t\t\t\t\t\t\t<div class=\"raven-posts raven-grid raven-grid-2 raven-grid-mobile-1 raven-grid-tablet-2\" data-post-id=\"22000\" data-archive-query=\"\" data-lang=\"\">\n\t\t\t\t<div class=\"raven-grid-item raven-post-item post-33192 post type-post status-publish format-standard has-post-thumbnail hentry category-artiklar category-rapportering tag-cfo tag-ekonomichef tag-nyckeltal tag-arsredovisning\">\n\t\t\t<div class=\"raven-post\">\n\t\t\t\t\t\t<div class=\"raven-post-image-wrap\">\n\t\t\t<a class=\"raven-post-image raven-image-fit\" href=\"https:\/\/oxceed.com\/se\/artiklar\/rapportering\/nyckeltalen-du-bor-ha-med-i-arsredovisningen\/\"><img loading=\"lazy\" decoding=\"async\" width=\"768\" height=\"439\" src=\"https:\/\/oxceed.com\/se\/wp-content\/uploads\/sites\/21\/2025\/04\/nyckeltalen-du-bor-ha-med-i-arsredovisningen-1-768x439.jpg\" class=\"attachment-medium_large size-medium_large wp-image-33335\" alt=\"\" srcset=\"https:\/\/oxceed.com\/se\/wp-content\/uploads\/sites\/21\/2025\/04\/nyckeltalen-du-bor-ha-med-i-arsredovisningen-1-768x439.jpg 768w, https:\/\/oxceed.com\/se\/wp-content\/uploads\/sites\/21\/2025\/04\/nyckeltalen-du-bor-ha-med-i-arsredovisningen-1.jpg 1344w\" sizes=\"auto, (max-width: 768px) 100vw, 768px\" \/> <span class=\"raven-post-image-overlay\"><\/span><\/a>\t\t<\/div>\n\t\t\t\t\t\t<div class=\"raven-post-content\">\n\t\t\t\t\t<h3 class=\"raven-post-title\"><a class=\"raven-post-title-link\" href=\"https:\/\/oxceed.com\/se\/artiklar\/rapportering\/nyckeltalen-du-bor-ha-med-i-arsredovisningen\/\">Nyckeltalen du b\u00f6r ha med i \u00e5rsredovisningen<\/a><\/h3>\t\t<div class=\"raven-post-read-more\">\n\t\t\t<a class=\"raven-post-button\" href=\"https:\/\/oxceed.com\/se\/artiklar\/rapportering\/nyckeltalen-du-bor-ha-med-i-arsredovisningen\/\"><span class=\"raven-post-button-text\">L\u00e4s mer<\/span><\/a>\n\t\t<\/div>\n\t\t\t\t\t\t<\/div>\n\t\t\t<\/div>\n\t\t<\/div>\n\t\t\t\t<div class=\"raven-grid-item raven-post-item post-32222 post type-post status-publish format-standard has-post-thumbnail hentry category-artiklar category-ekonomistyrning tag-benchmarking tag-cfo tag-kostnadskontroll\">\n\t\t\t<div class=\"raven-post\">\n\t\t\t\t\t\t<div class=\"raven-post-image-wrap\">\n\t\t\t<a class=\"raven-post-image raven-image-fit\" href=\"https:\/\/oxceed.com\/se\/artiklar\/ekonomistyrning\/hitta-kostnadsbesparingar-med-hjalp-av-benchmarkingdata\/\"><img loading=\"lazy\" decoding=\"async\" width=\"768\" height=\"439\" src=\"https:\/\/oxceed.com\/se\/wp-content\/uploads\/sites\/21\/2025\/02\/hitta-kostnadsbesparingar-med-hjalp-av-benchmarking-data-768x439.jpeg\" class=\"attachment-medium_large size-medium_large wp-image-32262\" alt=\"\" srcset=\"https:\/\/oxceed.com\/se\/wp-content\/uploads\/sites\/21\/2025\/02\/hitta-kostnadsbesparingar-med-hjalp-av-benchmarking-data-768x439.jpeg 768w, https:\/\/oxceed.com\/se\/wp-content\/uploads\/sites\/21\/2025\/02\/hitta-kostnadsbesparingar-med-hjalp-av-benchmarking-data-1920x1098.jpeg 1920w, https:\/\/oxceed.com\/se\/wp-content\/uploads\/sites\/21\/2025\/02\/hitta-kostnadsbesparingar-med-hjalp-av-benchmarking-data-1536x879.jpeg 1536w, https:\/\/oxceed.com\/se\/wp-content\/uploads\/sites\/21\/2025\/02\/hitta-kostnadsbesparingar-med-hjalp-av-benchmarking-data-2048x1172.jpeg 2048w\" sizes=\"auto, (max-width: 768px) 100vw, 768px\" \/> <span class=\"raven-post-image-overlay\"><\/span><\/a>\t\t<\/div>\n\t\t\t\t\t\t<div class=\"raven-post-content\">\n\t\t\t\t\t<h3 class=\"raven-post-title\"><a class=\"raven-post-title-link\" href=\"https:\/\/oxceed.com\/se\/artiklar\/ekonomistyrning\/hitta-kostnadsbesparingar-med-hjalp-av-benchmarkingdata\/\">Hitta kostnadsbesparingar med hj\u00e4lp av benchmarkingdata<\/a><\/h3>\t\t<div class=\"raven-post-read-more\">\n\t\t\t<a class=\"raven-post-button\" href=\"https:\/\/oxceed.com\/se\/artiklar\/ekonomistyrning\/hitta-kostnadsbesparingar-med-hjalp-av-benchmarkingdata\/\"><span class=\"raven-post-button-text\">L\u00e4s mer<\/span><\/a>\n\t\t<\/div>\n\t\t\t\t\t\t<\/div>\n\t\t\t<\/div>\n\t\t<\/div>\n\t\t\t\t<div class=\"raven-grid-item raven-post-item post-32714 post type-post status-publish format-standard has-post-thumbnail hentry category-artiklar category-ekonomistyrning tag-cfo tag-ekonimichef tag-kostnadskontroll\">\n\t\t\t<div class=\"raven-post\">\n\t\t\t\t\t\t<div class=\"raven-post-image-wrap\">\n\t\t\t<a class=\"raven-post-image raven-image-fit\" href=\"https:\/\/oxceed.com\/se\/artiklar\/ekonomistyrning\/hitta-fler-besparingar-i-bolaget-kombinera-leverantors-och-kostnadsanalys\/\"><img loading=\"lazy\" decoding=\"async\" width=\"768\" height=\"439\" src=\"https:\/\/oxceed.com\/se\/wp-content\/uploads\/sites\/21\/2025\/03\/Hitta-fler-besparingar-i-bolaget-\u2013-kombinera-leverantors-och-kostnadsanalys-768x439.jpg\" class=\"attachment-medium_large size-medium_large wp-image-33408\" alt=\"\" srcset=\"https:\/\/oxceed.com\/se\/wp-content\/uploads\/sites\/21\/2025\/03\/Hitta-fler-besparingar-i-bolaget-\u2013-kombinera-leverantors-och-kostnadsanalys-768x439.jpg 768w, https:\/\/oxceed.com\/se\/wp-content\/uploads\/sites\/21\/2025\/03\/Hitta-fler-besparingar-i-bolaget-\u2013-kombinera-leverantors-och-kostnadsanalys.jpg 1344w\" sizes=\"auto, (max-width: 768px) 100vw, 768px\" \/> <span class=\"raven-post-image-overlay\"><\/span><\/a>\t\t<\/div>\n\t\t\t\t\t\t<div class=\"raven-post-content\">\n\t\t\t\t\t<h3 class=\"raven-post-title\"><a class=\"raven-post-title-link\" href=\"https:\/\/oxceed.com\/se\/artiklar\/ekonomistyrning\/hitta-fler-besparingar-i-bolaget-kombinera-leverantors-och-kostnadsanalys\/\">Hitta fler besparingar i bolaget \u2013 kombinera leverant\u00f6rs- och kostnadsanalys<\/a><\/h3>\t\t<div class=\"raven-post-read-more\">\n\t\t\t<a class=\"raven-post-button\" href=\"https:\/\/oxceed.com\/se\/artiklar\/ekonomistyrning\/hitta-fler-besparingar-i-bolaget-kombinera-leverantors-och-kostnadsanalys\/\"><span class=\"raven-post-button-text\">L\u00e4s mer<\/span><\/a>\n\t\t<\/div>\n\t\t\t\t\t\t<\/div>\n\t\t\t<\/div>\n\t\t<\/div>\n\t\t\t\t<div class=\"raven-grid-item raven-post-item post-40944 post type-post status-publish format-standard has-post-thumbnail hentry category-artiklar category-rapportering tag-ekonomichef tag-rapportering\">\n\t\t\t<div class=\"raven-post\">\n\t\t\t\t\t\t<div class=\"raven-post-image-wrap\">\n\t\t\t<a class=\"raven-post-image raven-image-fit\" href=\"https:\/\/oxceed.com\/se\/artiklar\/sa-gor-du-ekonomirapporter-begripliga\/\"><img loading=\"lazy\" decoding=\"async\" width=\"768\" height=\"576\" src=\"https:\/\/oxceed.com\/se\/wp-content\/uploads\/sites\/21\/2026\/04\/Oxceed7486_val__web-768x576.webp\" class=\"attachment-medium_large size-medium_large wp-image-40946\" alt=\"\" srcset=\"https:\/\/oxceed.com\/se\/wp-content\/uploads\/sites\/21\/2026\/04\/Oxceed7486_val__web-768x576.webp 768w, https:\/\/oxceed.com\/se\/wp-content\/uploads\/sites\/21\/2026\/04\/Oxceed7486_val__web-scaled.webp 1920w, https:\/\/oxceed.com\/se\/wp-content\/uploads\/sites\/21\/2026\/04\/Oxceed7486_val__web-1536x1152.webp 1536w, https:\/\/oxceed.com\/se\/wp-content\/uploads\/sites\/21\/2026\/04\/Oxceed7486_val__web-360x270.webp 360w\" sizes=\"auto, (max-width: 768px) 100vw, 768px\" \/> <span class=\"raven-post-image-overlay\"><\/span><\/a>\t\t<\/div>\n\t\t\t\t\t\t<div class=\"raven-post-content\">\n\t\t\t\t\t<h3 class=\"raven-post-title\"><a class=\"raven-post-title-link\" href=\"https:\/\/oxceed.com\/se\/artiklar\/sa-gor-du-ekonomirapporter-begripliga\/\">S\u00e5 g\u00f6r du ekonomirapporter begripliga<\/a><\/h3>\t\t<div class=\"raven-post-read-more\">\n\t\t\t<a class=\"raven-post-button\" href=\"https:\/\/oxceed.com\/se\/artiklar\/sa-gor-du-ekonomirapporter-begripliga\/\"><span class=\"raven-post-button-text\">L\u00e4s mer<\/span><\/a>\n\t\t<\/div>\n\t\t\t\t\t\t<\/div>\n\t\t\t<\/div>\n\t\t<\/div>\n\t\t\t\t<\/div>\n\t\t\t\t\t\t<\/div>\n\t\t\t\t<\/div>\n\t\t\t\t\t<\/div>\n\t\t<\/div>\n\t\t\t\t\t<\/div>\n\t\t<\/section>\n\t\t\t\t<\/div>\n\t\t","protected":false},"excerpt":{"rendered":"<p>Att minska risken f\u00f6r fel i den ekonomiska rapporteringen ligger i topp p\u00e5 priolistan hos en \u00f6verv\u00e4gande del av landets ekonomichefer. Och med det kommer behovet av att effektivisera. Det framg\u00e5r tydligt i v\u00e5r unders\u00f6kning baserad p\u00e5 telefonintervjuer med \u00f6ver hundra svenska ekonomichefer. Manuell inmatning och arbete i kalkylark \u00e4r huvudanledningarna till varf\u00f6r s\u00e5 m\u00e5nga [&hellip;]<\/p>\n","protected":false},"author":7,"featured_media":32083,"comment_status":"closed","ping_status":"open","sticky":false,"template":"","format":"standard","meta":{"_acf_changed":false,"_trash_the_other_posts":false,"editor_notices":[],"footnotes":""},"categories":[1372367,1372506],"tags":[1372403,1372402,1372482],"class_list":["post-22000","post","type-post","status-publish","format-standard","has-post-thumbnail","hentry","category-artiklar","category-foretagsledning","tag-cfo","tag-ekonomichef","tag-spara-tid"],"acf":[],"yoast_head":"<!-- This site is optimized with the Yoast SEO Premium plugin v26.5 (Yoast SEO v27.4) - https:\/\/yoast.com\/product\/yoast-seo-premium-wordpress\/ -->\n<title>Mer tid - ekonomichefens h\u00f6gsta dr\u00f6m - Oxceed Sweden<\/title>\n<meta name=\"robots\" content=\"index, follow, max-snippet:-1, max-image-preview:large, max-video-preview:-1\" \/>\n<link rel=\"canonical\" href=\"https:\/\/oxceed.com\/se\/se\/artiklar\/foretagsledning\/mer-tid-ekonomichefens-hogsta-drom\/\" \/>\n<meta property=\"og:locale\" content=\"en_GB\" \/>\n<meta property=\"og:type\" content=\"article\" \/>\n<meta property=\"og:title\" content=\"Mer tid - ekonomichefens h\u00f6gsta dr\u00f6m\" \/>\n<meta property=\"og:description\" content=\"Att minska risken f\u00f6r fel i den ekonomiska rapporteringen ligger i topp p\u00e5 priolistan hos en \u00f6verv\u00e4gande del av landets ekonomichefer. Och med det kommer behovet av att effektivisera. Det framg\u00e5r tydligt i v\u00e5r unders\u00f6kning baserad p\u00e5 telefonintervjuer med \u00f6ver hundra svenska ekonomichefer. Manuell inmatning och arbete i kalkylark \u00e4r huvudanledningarna till varf\u00f6r s\u00e5 m\u00e5nga [&hellip;]\" \/>\n<meta property=\"og:url\" content=\"https:\/\/oxceed.com\/se\/se\/artiklar\/foretagsledning\/mer-tid-ekonomichefens-hogsta-drom\/\" \/>\n<meta property=\"og:site_name\" content=\"Oxceed Sweden\" \/>\n<meta property=\"article:published_time\" content=\"2023-09-07T07:20:17+00:00\" \/>\n<meta property=\"article:modified_time\" content=\"2025-08-29T09:17:29+00:00\" \/>\n<meta property=\"og:image\" content=\"https:\/\/oxceed.com\/se\/se\/wp-content\/uploads\/sites\/21\/2023\/09\/mer-tid-ekonomichefens-hogsta-drom.jpg\" \/>\n\t<meta property=\"og:image:width\" content=\"1344\" \/>\n\t<meta property=\"og:image:height\" content=\"768\" \/>\n\t<meta property=\"og:image:type\" content=\"image\/jpeg\" \/>\n<meta name=\"author\" content=\"Linnea S\u00f6derling\" \/>\n<meta name=\"twitter:card\" content=\"summary_large_image\" \/>\n<meta name=\"twitter:label1\" content=\"Written by\" \/>\n\t<meta name=\"twitter:data1\" content=\"Linnea S\u00f6derling\" \/>\n\t<meta name=\"twitter:label2\" content=\"Estimated reading time\" \/>\n\t<meta name=\"twitter:data2\" content=\"5 minutes\" \/>\n<script type=\"application\/ld+json\" class=\"yoast-schema-graph\">{\"@context\":\"https:\\\/\\\/schema.org\",\"@graph\":[{\"@type\":\"Article\",\"@id\":\"https:\\\/\\\/oxceed.com\\\/se\\\/se\\\/artiklar\\\/foretagsledning\\\/mer-tid-ekonomichefens-hogsta-drom\\\/#article\",\"isPartOf\":{\"@id\":\"https:\\\/\\\/oxceed.com\\\/se\\\/se\\\/artiklar\\\/foretagsledning\\\/mer-tid-ekonomichefens-hogsta-drom\\\/\"},\"author\":{\"name\":\"Linnea S\u00f6derling\",\"@id\":\"https:\\\/\\\/oxceed.com\\\/se\\\/#\\\/schema\\\/person\\\/d3ef8d1d9723d55d8ab1fa1d61c56187\"},\"headline\":\"Mer tid &#8211; ekonomichefens h\u00f6gsta dr\u00f6m\",\"datePublished\":\"2023-09-07T07:20:17+00:00\",\"dateModified\":\"2025-08-29T09:17:29+00:00\",\"mainEntityOfPage\":{\"@id\":\"https:\\\/\\\/oxceed.com\\\/se\\\/se\\\/artiklar\\\/foretagsledning\\\/mer-tid-ekonomichefens-hogsta-drom\\\/\"},\"wordCount\":765,\"image\":{\"@id\":\"https:\\\/\\\/oxceed.com\\\/se\\\/se\\\/artiklar\\\/foretagsledning\\\/mer-tid-ekonomichefens-hogsta-drom\\\/#primaryimage\"},\"thumbnailUrl\":\"https:\\\/\\\/oxceed.com\\\/se\\\/wp-content\\\/uploads\\\/sites\\\/21\\\/2023\\\/09\\\/mer-tid-ekonomichefens-hogsta-drom.jpg\",\"keywords\":[\"cfo\",\"ekonomichef\",\"spara tid\"],\"articleSection\":[\"Artiklar\",\"F\u00f6retagsledning\"],\"inLanguage\":\"en-GB\"},{\"@type\":\"WebPage\",\"@id\":\"https:\\\/\\\/oxceed.com\\\/se\\\/se\\\/artiklar\\\/foretagsledning\\\/mer-tid-ekonomichefens-hogsta-drom\\\/\",\"url\":\"https:\\\/\\\/oxceed.com\\\/se\\\/se\\\/artiklar\\\/foretagsledning\\\/mer-tid-ekonomichefens-hogsta-drom\\\/\",\"name\":\"Mer tid - ekonomichefens h\u00f6gsta dr\u00f6m - Oxceed Sweden\",\"isPartOf\":{\"@id\":\"https:\\\/\\\/oxceed.com\\\/se\\\/#website\"},\"primaryImageOfPage\":{\"@id\":\"https:\\\/\\\/oxceed.com\\\/se\\\/se\\\/artiklar\\\/foretagsledning\\\/mer-tid-ekonomichefens-hogsta-drom\\\/#primaryimage\"},\"image\":{\"@id\":\"https:\\\/\\\/oxceed.com\\\/se\\\/se\\\/artiklar\\\/foretagsledning\\\/mer-tid-ekonomichefens-hogsta-drom\\\/#primaryimage\"},\"thumbnailUrl\":\"https:\\\/\\\/oxceed.com\\\/se\\\/wp-content\\\/uploads\\\/sites\\\/21\\\/2023\\\/09\\\/mer-tid-ekonomichefens-hogsta-drom.jpg\",\"datePublished\":\"2023-09-07T07:20:17+00:00\",\"dateModified\":\"2025-08-29T09:17:29+00:00\",\"author\":{\"@id\":\"https:\\\/\\\/oxceed.com\\\/se\\\/#\\\/schema\\\/person\\\/d3ef8d1d9723d55d8ab1fa1d61c56187\"},\"breadcrumb\":{\"@id\":\"https:\\\/\\\/oxceed.com\\\/se\\\/se\\\/artiklar\\\/foretagsledning\\\/mer-tid-ekonomichefens-hogsta-drom\\\/#breadcrumb\"},\"inLanguage\":\"en-GB\",\"potentialAction\":[{\"@type\":\"ReadAction\",\"target\":[\"https:\\\/\\\/oxceed.com\\\/se\\\/se\\\/artiklar\\\/foretagsledning\\\/mer-tid-ekonomichefens-hogsta-drom\\\/\"]}]},{\"@type\":\"ImageObject\",\"inLanguage\":\"en-GB\",\"@id\":\"https:\\\/\\\/oxceed.com\\\/se\\\/se\\\/artiklar\\\/foretagsledning\\\/mer-tid-ekonomichefens-hogsta-drom\\\/#primaryimage\",\"url\":\"https:\\\/\\\/oxceed.com\\\/se\\\/wp-content\\\/uploads\\\/sites\\\/21\\\/2023\\\/09\\\/mer-tid-ekonomichefens-hogsta-drom.jpg\",\"contentUrl\":\"https:\\\/\\\/oxceed.com\\\/se\\\/wp-content\\\/uploads\\\/sites\\\/21\\\/2023\\\/09\\\/mer-tid-ekonomichefens-hogsta-drom.jpg\",\"width\":1344,\"height\":768,\"caption\":\"Mer tid \u2013 ekonomichefens h\u00f6gsta dr\u00f6m\"},{\"@type\":\"BreadcrumbList\",\"@id\":\"https:\\\/\\\/oxceed.com\\\/se\\\/se\\\/artiklar\\\/foretagsledning\\\/mer-tid-ekonomichefens-hogsta-drom\\\/#breadcrumb\",\"itemListElement\":[{\"@type\":\"ListItem\",\"position\":1,\"name\":\"Home\",\"item\":\"https:\\\/\\\/oxceed.com\\\/se\\\/\"},{\"@type\":\"ListItem\",\"position\":2,\"name\":\"Mer tid &#8211; ekonomichefens h\u00f6gsta dr\u00f6m\"}]},{\"@type\":\"WebSite\",\"@id\":\"https:\\\/\\\/oxceed.com\\\/se\\\/#website\",\"url\":\"https:\\\/\\\/oxceed.com\\\/se\\\/\",\"name\":\"Oxceed Sweden\",\"description\":\"Fatta b\u00e4ttre beslut med Oxceed\",\"potentialAction\":[{\"@type\":\"SearchAction\",\"target\":{\"@type\":\"EntryPoint\",\"urlTemplate\":\"https:\\\/\\\/oxceed.com\\\/se\\\/?s={search_term_string}\"},\"query-input\":{\"@type\":\"PropertyValueSpecification\",\"valueRequired\":true,\"valueName\":\"search_term_string\"}}],\"inLanguage\":\"en-GB\"},{\"@type\":\"Person\",\"@id\":\"https:\\\/\\\/oxceed.com\\\/se\\\/#\\\/schema\\\/person\\\/d3ef8d1d9723d55d8ab1fa1d61c56187\",\"name\":\"Linnea S\u00f6derling\",\"image\":{\"@type\":\"ImageObject\",\"inLanguage\":\"en-GB\",\"@id\":\"https:\\\/\\\/secure.gravatar.com\\\/avatar\\\/c7bc027cc41b2b4393d0c16451cbda891eb4099ed5f4b26feb95fe230585d09c?s=96&d=identicon&r=g\",\"url\":\"https:\\\/\\\/secure.gravatar.com\\\/avatar\\\/c7bc027cc41b2b4393d0c16451cbda891eb4099ed5f4b26feb95fe230585d09c?s=96&d=identicon&r=g\",\"contentUrl\":\"https:\\\/\\\/secure.gravatar.com\\\/avatar\\\/c7bc027cc41b2b4393d0c16451cbda891eb4099ed5f4b26feb95fe230585d09c?s=96&d=identicon&r=g\",\"caption\":\"Linnea S\u00f6derling\"},\"description\":\"Linnea \u00e4r en erfaren ekonom och entrepren\u00f6r som ansvarar f\u00f6r inneh\u00e5ll och produktmarknadsf\u00f6ring p\u00e5 Oxceed. Hennes djupa f\u00f6rst\u00e5else f\u00f6r sm\u00e5 och medelstora f\u00f6retag kommer fr\u00e5n hennes egna erfarenheter av att bygga bolag fr\u00e5n grunden. Hon \u00e4r medgrundare av f\u00f6retaget The Smiling Group, som hon byggde upp under nio \u00e5r, fr\u00e5n 2012 till 2021, innan bolaget s\u00e5ldes till Vitamin Well. Under den tiden var Linnea djupt involverad i alla delar av verksamheten, inklusive strategi, marknadsf\u00f6ring och \u2013 framf\u00f6rallt \u2013 bolagets ekonomi. Denna direkta erfarenhet av att hantera finanser, likviditet och tillv\u00e4xt i en snabbv\u00e4xande organisation ger henne en unik insikt i vad som kr\u00e4vs f\u00f6r att driva ett f\u00f6retag. P\u00e5 Oxceed bidrar hon med sin expertis f\u00f6r att skapa relevant och v\u00e4rdefullt inneh\u00e5ll som hj\u00e4lper ekonomichefer och redovisningskonsulter att ta kontroll \u00f6ver sin finansiella styrning med hj\u00e4lp av moderna, molnbaserade verktyg.\",\"birthDate\":\"1984-10-19\",\"gender\":\"kvinna\",\"knowsAbout\":[\"Ekonomi\",\"Redovisning\",\"Marknadsf\u00f6ring\"],\"knowsLanguage\":[\"Svenska\",\"Engelska\"],\"jobTitle\":\"Product Marketing Coordinator\",\"worksFor\":\"Oxceed AB\"}]}<\/script>\n<!-- \/ Yoast SEO Premium plugin. -->","yoast_head_json":{"title":"Mer tid - ekonomichefens h\u00f6gsta dr\u00f6m - Oxceed Sweden","robots":{"index":"index","follow":"follow","max-snippet":"max-snippet:-1","max-image-preview":"max-image-preview:large","max-video-preview":"max-video-preview:-1"},"canonical":"https:\/\/oxceed.com\/se\/se\/artiklar\/foretagsledning\/mer-tid-ekonomichefens-hogsta-drom\/","og_locale":"en_GB","og_type":"article","og_title":"Mer tid - ekonomichefens h\u00f6gsta dr\u00f6m","og_description":"Att minska risken f\u00f6r fel i den ekonomiska rapporteringen ligger i topp p\u00e5 priolistan hos en \u00f6verv\u00e4gande del av landets ekonomichefer. Och med det kommer behovet av att effektivisera. Det framg\u00e5r tydligt i v\u00e5r unders\u00f6kning baserad p\u00e5 telefonintervjuer med \u00f6ver hundra svenska ekonomichefer. Manuell inmatning och arbete i kalkylark \u00e4r huvudanledningarna till varf\u00f6r s\u00e5 m\u00e5nga [&hellip;]","og_url":"https:\/\/oxceed.com\/se\/se\/artiklar\/foretagsledning\/mer-tid-ekonomichefens-hogsta-drom\/","og_site_name":"Oxceed Sweden","article_published_time":"2023-09-07T07:20:17+00:00","article_modified_time":"2025-08-29T09:17:29+00:00","og_image":[{"width":1344,"height":768,"url":"https:\/\/oxceed.com\/se\/se\/wp-content\/uploads\/sites\/21\/2023\/09\/mer-tid-ekonomichefens-hogsta-drom.jpg","type":"image\/jpeg"}],"author":"Linnea S\u00f6derling","twitter_card":"summary_large_image","twitter_misc":{"Written by":"Linnea S\u00f6derling","Estimated reading time":"5 minutes"},"schema":{"@context":"https:\/\/schema.org","@graph":[{"@type":"Article","@id":"https:\/\/oxceed.com\/se\/se\/artiklar\/foretagsledning\/mer-tid-ekonomichefens-hogsta-drom\/#article","isPartOf":{"@id":"https:\/\/oxceed.com\/se\/se\/artiklar\/foretagsledning\/mer-tid-ekonomichefens-hogsta-drom\/"},"author":{"name":"Linnea S\u00f6derling","@id":"https:\/\/oxceed.com\/se\/#\/schema\/person\/d3ef8d1d9723d55d8ab1fa1d61c56187"},"headline":"Mer tid &#8211; ekonomichefens h\u00f6gsta dr\u00f6m","datePublished":"2023-09-07T07:20:17+00:00","dateModified":"2025-08-29T09:17:29+00:00","mainEntityOfPage":{"@id":"https:\/\/oxceed.com\/se\/se\/artiklar\/foretagsledning\/mer-tid-ekonomichefens-hogsta-drom\/"},"wordCount":765,"image":{"@id":"https:\/\/oxceed.com\/se\/se\/artiklar\/foretagsledning\/mer-tid-ekonomichefens-hogsta-drom\/#primaryimage"},"thumbnailUrl":"https:\/\/oxceed.com\/se\/wp-content\/uploads\/sites\/21\/2023\/09\/mer-tid-ekonomichefens-hogsta-drom.jpg","keywords":["cfo","ekonomichef","spara tid"],"articleSection":["Artiklar","F\u00f6retagsledning"],"inLanguage":"en-GB"},{"@type":"WebPage","@id":"https:\/\/oxceed.com\/se\/se\/artiklar\/foretagsledning\/mer-tid-ekonomichefens-hogsta-drom\/","url":"https:\/\/oxceed.com\/se\/se\/artiklar\/foretagsledning\/mer-tid-ekonomichefens-hogsta-drom\/","name":"Mer tid - ekonomichefens h\u00f6gsta dr\u00f6m - Oxceed Sweden","isPartOf":{"@id":"https:\/\/oxceed.com\/se\/#website"},"primaryImageOfPage":{"@id":"https:\/\/oxceed.com\/se\/se\/artiklar\/foretagsledning\/mer-tid-ekonomichefens-hogsta-drom\/#primaryimage"},"image":{"@id":"https:\/\/oxceed.com\/se\/se\/artiklar\/foretagsledning\/mer-tid-ekonomichefens-hogsta-drom\/#primaryimage"},"thumbnailUrl":"https:\/\/oxceed.com\/se\/wp-content\/uploads\/sites\/21\/2023\/09\/mer-tid-ekonomichefens-hogsta-drom.jpg","datePublished":"2023-09-07T07:20:17+00:00","dateModified":"2025-08-29T09:17:29+00:00","author":{"@id":"https:\/\/oxceed.com\/se\/#\/schema\/person\/d3ef8d1d9723d55d8ab1fa1d61c56187"},"breadcrumb":{"@id":"https:\/\/oxceed.com\/se\/se\/artiklar\/foretagsledning\/mer-tid-ekonomichefens-hogsta-drom\/#breadcrumb"},"inLanguage":"en-GB","potentialAction":[{"@type":"ReadAction","target":["https:\/\/oxceed.com\/se\/se\/artiklar\/foretagsledning\/mer-tid-ekonomichefens-hogsta-drom\/"]}]},{"@type":"ImageObject","inLanguage":"en-GB","@id":"https:\/\/oxceed.com\/se\/se\/artiklar\/foretagsledning\/mer-tid-ekonomichefens-hogsta-drom\/#primaryimage","url":"https:\/\/oxceed.com\/se\/wp-content\/uploads\/sites\/21\/2023\/09\/mer-tid-ekonomichefens-hogsta-drom.jpg","contentUrl":"https:\/\/oxceed.com\/se\/wp-content\/uploads\/sites\/21\/2023\/09\/mer-tid-ekonomichefens-hogsta-drom.jpg","width":1344,"height":768,"caption":"Mer tid \u2013 ekonomichefens h\u00f6gsta dr\u00f6m"},{"@type":"BreadcrumbList","@id":"https:\/\/oxceed.com\/se\/se\/artiklar\/foretagsledning\/mer-tid-ekonomichefens-hogsta-drom\/#breadcrumb","itemListElement":[{"@type":"ListItem","position":1,"name":"Home","item":"https:\/\/oxceed.com\/se\/"},{"@type":"ListItem","position":2,"name":"Mer tid &#8211; ekonomichefens h\u00f6gsta dr\u00f6m"}]},{"@type":"WebSite","@id":"https:\/\/oxceed.com\/se\/#website","url":"https:\/\/oxceed.com\/se\/","name":"Oxceed Sweden","description":"Fatta b\u00e4ttre beslut med Oxceed","potentialAction":[{"@type":"SearchAction","target":{"@type":"EntryPoint","urlTemplate":"https:\/\/oxceed.com\/se\/?s={search_term_string}"},"query-input":{"@type":"PropertyValueSpecification","valueRequired":true,"valueName":"search_term_string"}}],"inLanguage":"en-GB"},{"@type":"Person","@id":"https:\/\/oxceed.com\/se\/#\/schema\/person\/d3ef8d1d9723d55d8ab1fa1d61c56187","name":"Linnea S\u00f6derling","image":{"@type":"ImageObject","inLanguage":"en-GB","@id":"https:\/\/secure.gravatar.com\/avatar\/c7bc027cc41b2b4393d0c16451cbda891eb4099ed5f4b26feb95fe230585d09c?s=96&d=identicon&r=g","url":"https:\/\/secure.gravatar.com\/avatar\/c7bc027cc41b2b4393d0c16451cbda891eb4099ed5f4b26feb95fe230585d09c?s=96&d=identicon&r=g","contentUrl":"https:\/\/secure.gravatar.com\/avatar\/c7bc027cc41b2b4393d0c16451cbda891eb4099ed5f4b26feb95fe230585d09c?s=96&d=identicon&r=g","caption":"Linnea S\u00f6derling"},"description":"Linnea \u00e4r en erfaren ekonom och entrepren\u00f6r som ansvarar f\u00f6r inneh\u00e5ll och produktmarknadsf\u00f6ring p\u00e5 Oxceed. Hennes djupa f\u00f6rst\u00e5else f\u00f6r sm\u00e5 och medelstora f\u00f6retag kommer fr\u00e5n hennes egna erfarenheter av att bygga bolag fr\u00e5n grunden. Hon \u00e4r medgrundare av f\u00f6retaget The Smiling Group, som hon byggde upp under nio \u00e5r, fr\u00e5n 2012 till 2021, innan bolaget s\u00e5ldes till Vitamin Well. Under den tiden var Linnea djupt involverad i alla delar av verksamheten, inklusive strategi, marknadsf\u00f6ring och \u2013 framf\u00f6rallt \u2013 bolagets ekonomi. Denna direkta erfarenhet av att hantera finanser, likviditet och tillv\u00e4xt i en snabbv\u00e4xande organisation ger henne en unik insikt i vad som kr\u00e4vs f\u00f6r att driva ett f\u00f6retag. P\u00e5 Oxceed bidrar hon med sin expertis f\u00f6r att skapa relevant och v\u00e4rdefullt inneh\u00e5ll som hj\u00e4lper ekonomichefer och redovisningskonsulter att ta kontroll \u00f6ver sin finansiella styrning med hj\u00e4lp av moderna, molnbaserade verktyg.","birthDate":"1984-10-19","gender":"kvinna","knowsAbout":["Ekonomi","Redovisning","Marknadsf\u00f6ring"],"knowsLanguage":["Svenska","Engelska"],"jobTitle":"Product Marketing Coordinator","worksFor":"Oxceed AB"}]}},"_links":{"self":[{"href":"https:\/\/oxceed.com\/se\/wp-json\/wp\/v2\/posts\/22000","targetHints":{"allow":["GET"]}}],"collection":[{"href":"https:\/\/oxceed.com\/se\/wp-json\/wp\/v2\/posts"}],"about":[{"href":"https:\/\/oxceed.com\/se\/wp-json\/wp\/v2\/types\/post"}],"author":[{"embeddable":true,"href":"https:\/\/oxceed.com\/se\/wp-json\/wp\/v2\/users\/7"}],"replies":[{"embeddable":true,"href":"https:\/\/oxceed.com\/se\/wp-json\/wp\/v2\/comments?post=22000"}],"version-history":[{"count":53,"href":"https:\/\/oxceed.com\/se\/wp-json\/wp\/v2\/posts\/22000\/revisions"}],"predecessor-version":[{"id":32086,"href":"https:\/\/oxceed.com\/se\/wp-json\/wp\/v2\/posts\/22000\/revisions\/32086"}],"wp:featuredmedia":[{"embeddable":true,"href":"https:\/\/oxceed.com\/se\/wp-json\/wp\/v2\/media\/32083"}],"wp:attachment":[{"href":"https:\/\/oxceed.com\/se\/wp-json\/wp\/v2\/media?parent=22000"}],"wp:term":[{"taxonomy":"category","embeddable":true,"href":"https:\/\/oxceed.com\/se\/wp-json\/wp\/v2\/categories?post=22000"},{"taxonomy":"post_tag","embeddable":true,"href":"https:\/\/oxceed.com\/se\/wp-json\/wp\/v2\/tags?post=22000"}],"curies":[{"name":"wp","href":"https:\/\/api.w.org\/{rel}","templated":true}]}}